{"id":3986,"date":"2012-04-20T12:44:11","date_gmt":"2012-04-20T11:44:11","guid":{"rendered":"http:\/\/www.tokajiirotabor.hu\/?p=3986"},"modified":"2016-06-22T12:45:09","modified_gmt":"2016-06-22T11:45:09","slug":"a-tokaji-irotabor-tanacskozasanak-elokeszitese","status":"publish","type":"post","link":"https:\/\/tokajiirotabor.hu\/irotabor_archiv\/a-tokaji-irotabor-tanacskozasanak-elokeszitese\/","title":{"rendered":"A TOKAJI \u00cdR\u00d3T\u00c1BOR TAN\u00c1CSKOZ\u00c1S\u00c1NAK EL\u0150K\u00c9SZ\u00cdT\u00c9SE"},"content":{"rendered":"<p align=\"center\"><strong>Mezey Katalin: Eltiltva \u00e9s elfelejtve<\/strong><\/p>\n<p style=\"text-align: justify;\">1948-49-ben felgyorsult a magyar szellemi \u00e9letben a baloldali, mag\u00e1t progressz\u00edvnek mond\u00f3 ideol\u00f3gia kiz\u00e1r\u00f3lagoss\u00e1gra t\u00f6r\u0151 uralm\u00e1nak megalapoz\u00e1sa. A 20. sz\u00e1zad els\u0151 fel\u00e9nek s\u00falyos eszmei torzul\u00e1sa, a vil\u00e1gszerte elterjedt rasszista ideol\u00f3gia \u00e9vtizedei szolg\u00e1ltatt\u00e1k az alapj\u00e1t annak az ig\u00e9nynek, hogy gy\u00f6keres fordulatot vegyen els\u0151sorban a szovjet megsz\u00e1ll\u00e1s alatt \u00e1ll\u00f3 Kelet- \u00e9s K\u00f6z\u00e9p-Eur\u00f3p\u00e1ban a szellemi \u00e9let: a marxista, materialista, ateista tanok, az \u00fam. \u201dtudom\u00e1nyos vil\u00e1gn\u00e9zet\u201d vegye \u00e1t a kor\u00e1bbi \u201eidealista\u201d gondolkod\u00e1s hely\u00e9t. Hivatalosan a t\u00f6rt\u00e9nelmi kataklizm\u00e1k, els\u0151sorban a 2. vil\u00e1gh\u00e1bor\u00fa puszt\u00edt\u00e1sainak j\u00f3v\u00e1t\u00e9tel\u00e9t k\u00edv\u00e1nt\u00e1k ilyen m\u00f3don el\u0151seg\u00edteni az \u00faj, szocialista vil\u00e1ghatalom ideol\u00f3gusai.<\/p>\n<p style=\"text-align: justify;\"><a id=\"tovabb\" name=\"tovabb\"><\/a><\/p>\n<p style=\"text-align: justify;\">Tudjuk ugyanakkor, hogy ezt a fordulatot a kommunista p\u00e1rt a szocialista t\u00e1rsadalom megalapoz\u00e1sa jegy\u00e9ben a Szovjet\u00fani\u00f3ban m\u00e1r j\u00f3val a 2. vil\u00e1gh\u00e1bor\u00fa kit\u00f6r\u00e9se el\u0151tt elv\u00e9gezte: elt\u00e1vol\u00edtott\u00e1k a \u201efejl\u0151d\u00e9s \u00fatj\u00e1b\u00f3l\u201d \u2013 fizikailag is t\u00edzezer- sz\u00e1mra megsemmis\u00edtett\u00e9k \u2013 a klerikalizmus elleni harc sor\u00e1n az ortodox egyh\u00e1z tagjait \u00e9s h\u00edveit. Elt\u00e1vol\u00edtottak a szellemi \u00e9letb\u0151l minden nem marxista, nem materialista gondolkod\u00f3t, tud\u00f3st \u00e9s m\u0171v\u00e9szt. Kirost\u00e1lt\u00e1k a k\u00f6nyvt\u00e1rakat \u00e9s megsemmis\u00edtett\u00e9k az \u201eindexre tett\u201d k\u00f6nyveket.<\/p>\n<p style=\"text-align: justify;\">Ugyanez a folyamat indult meg a kommunista p\u00e1rt hatalomra ker\u00fcl\u00e9s\u00e9t k\u00f6vet\u0151en Magyarorsz\u00e1gon is. A vil\u00e1gt\u00f6rt\u00e9nelem legnagyobb m\u00e9rt\u00e9k\u0171 k\u00f6nyv-megsemmis\u00edt\u0151 mozgalma r\u00e9szek\u00e9nt a kivez\u00e9nyelt di\u00e1kok, munk\u00e1sok talicsk\u00e1val hordt\u00e1k ki n\u00e1lunk is orsz\u00e1g szerte a k\u00f6nyvt\u00e1rakb\u00f3l a nem k\u00edv\u00e1natos m\u0171veket, majd teheraut\u00f3kra rakt\u00e1k, \u00e9s z\u00fazd\u00e1ba sz\u00e1ll\u00edtott\u00e1k valamennyit.<\/p>\n<p style=\"text-align: justify;\">Ki mindenki esett \u00e1ldozat\u00e1ul ennek a kegyetlen \u00e9s k\u00f6vetkezetes ideol\u00f3giai megsemmis\u00edt\u0151 hadm\u0171veletnek a magyar szellemi \u00e9let, pl. az irodalom \u00e9s a b\u00f6lcselet ter\u00fclet\u00e9n? \u2013 m\u00e1ig nem k\u00e9sz\u00fclt r\u00f3la lelt\u00e1r, noha erre a rendszerv\u00e1ltoz\u00e1s \u00f3ta eltelt t\u00f6bb mint h\u00fasz esztend\u0151 lehet\u0151s\u00e9get adhatott volna. V\u00e9letlenszer\u0171en egy-egy eltiltott, majd elfeledett m\u0171v\u00e9sz, \u00edr\u00f3 \u00e9letm\u0171ve kibontakozott az ismeretlens\u00e9g hom\u00e1ly\u00e1b\u00f3l, pl. Hamvas B\u00e9l\u00e1\u00e9, B\u00e1nffy Mikl\u00f3s\u00e9, majd Wass Albert\u00e9, az ut\u00f3bbi \u00e9vekben Tormay Cecil\u00e9. De sem az oktat\u00e1sban \u2013 m\u00e9g a fels\u0151oktat\u00e1sban sem \u2013, v\u00e1ltak st\u00fadiumm\u00e1, ahogy szellemi \u00e9let\u00fcnk lefejez\u00e9s\u00e9nek t\u00e9nyei, m\u00e9retei, \u00e1ldozatai sem, nem t\u00e9rk\u00e9pezt\u00fck fel vesztes\u00e9geinket, \u00e9s nem k\u00f6t\u00f6tt\u00fck \u00f6ssze a marxista szellemi egyeduralom \u00e9vtizedeiben sz\u00e9tszak\u00edtott sz\u00e1lakat. B\u00e1r nagyon sok minden megjelent az \u00fatt\u00f6r\u0151, jobb\u00e1ra kis, szellemi m\u0171helyek j\u00f3volt\u00e1b\u00f3l, a k\u00f6nyvt\u00e1rakban nincsenek meg ezek a k\u00f6tetek, elv\u00e9tve, sz\u00f3rv\u00e1nyosan, egy-egy p\u00e9ld\u00e1nyban tal\u00e1lhat\u00f3k meg csak a kor\u00e1bbi ki\u0171z\u00f6tt \u201etiltott irodalom\u201d k\u00f6tetei.<\/p>\n<p style=\"text-align: justify;\">Javasoljuk, hogy a 40. Tokaji \u00cdr\u00f3t\u00e1bor tan\u00e1cskoz\u00e1s\u00e1t \u201eEltiltva \u00e9s elfeledve\u201d c\u00edmmel rendezz\u00fck meg 2012. augusztus 15-16-17-\u00e9n. A kurat\u00f3rium \u00e9s a vel\u00fcnk egy\u00fcttm\u0171k\u00f6d\u0151 szervezetek, illetve a felk\u00e9rt el\u0151ad\u00f3k feladata lenne:<\/p>\n<p style=\"text-align: justify;\">&#8211;\u00a0\u00a0\u00a0\u00a0\u00a0\u00a0\u00a0\u00a0 \u00e1ttekinteni az ideol\u00f3giai \u201etisztogat\u00e1s\u201d f\u0151bb \u00e1llom\u00e1sait, mint t\u00f6rt\u00e9nelmi esem\u00e9nyeket;<\/p>\n<p style=\"text-align: justify;\">&#8211;\u00a0\u00a0\u00a0\u00a0\u00a0\u00a0\u00a0\u00a0 bemutatni, elemezni pl. az irodalmi m\u0171vekre vonatkoz\u00f3 \u201eindexeket\u201d (tilt\u00f3 list\u00e1kat);<\/p>\n<p style=\"text-align: justify;\">&#8211;\u00a0\u00a0\u00a0\u00a0\u00a0\u00a0\u00a0\u00a0 felt\u00e9rk\u00e9pezni az eltiltott alkot\u00f3k sors\u00e1t;<\/p>\n<p style=\"text-align: justify;\">&#8211;\u00a0\u00a0\u00a0\u00a0\u00a0\u00a0\u00a0\u00a0 t\u00e1j\u00e9koz\u00f3dni \u00e9s t\u00e1j\u00e9koztatni az ut\u00f3bbi 20 esztend\u0151ben bek\u00f6vetkezett rehabilit\u00e1ci\u00f3s folyamatokr\u00f3l, \u00e9s azok eredm\u00e9nyeir\u0151l;<\/p>\n<p style=\"text-align: justify;\">&#8211;\u00a0\u00a0\u00a0\u00a0\u00a0\u00a0\u00a0\u00a0 r\u00e1mutatni a legs\u00falyosabb mulaszt\u00e1sokra, a m\u00e1ig fel nem t\u00e1masztott szellemi nagys\u00e1gokra \u00e9s \u00e9rt\u00e9kekre.<\/p>\n<p style=\"text-align: justify;\">A Tokaji \u00cdr\u00f3t\u00e1bor term\u00e9szetesen csak a figyelem felkelt\u00e9s\u00e9t, a gondolat\u00e9breszt\u00e9st t\u0171zheti ki h\u00e1rom napos tan\u00e1cskoz\u00e1sa c\u00e9lj\u00e1ul. Ennek \u00e9rdek\u00e9ben h\u00edvjunk meg t\u00f6bb olyan \u00edr\u00f3t, kutat\u00f3t, k\u00f6nyv- \u00e9s foly\u00f3irat kiad\u00f3t, szerkeszt\u0151t, akik eddigi munk\u00e1juk sor\u00e1n ezzel a ter\u00fclettel foglalkoztak, eredm\u00e9nyeket \u00e9rtek el, \u00e9s azokr\u00f3l sz\u00edvesen besz\u00e1molnak az \u00edr\u00f3t\u00e1bor k\u00f6z\u00f6ss\u00e9g\u00e9nek.<\/p>\n<p style=\"text-align: justify;\">\n<p style=\"text-align: justify;\">Mezey Katalin el\u0151terjeszt\u00e9s\u00e9t a Tokaji \u00cdr\u00f3t\u00e1bor kurat\u00f3riuma 2012. m\u00e1rcius 20-\u00e1n elfogadta.<\/p>\n","protected":false},"excerpt":{"rendered":"<p>Mezey Katalin: Eltiltva \u00e9s elfelejtve 1948-49-ben felgyorsult a magyar szellemi \u00e9letben a baloldali, mag\u00e1t progressz\u00edvnek mond\u00f3 ideol\u00f3gia kiz\u00e1r\u00f3lagoss\u00e1gra t\u00f6r\u0151 uralm\u00e1nak megalapoz\u00e1sa. A 20. sz\u00e1zad els\u0151 fel\u00e9nek s\u00falyos eszmei torzul\u00e1sa, a vil\u00e1gszerte elterjedt rasszista ideol\u00f3gia \u00e9vtizedei szolg\u00e1ltatt\u00e1k az alapj\u00e1t annak az&#8230;<\/p>\n","protected":false},"author":1,"featured_media":0,"comment_status":"closed","ping_status":"closed","sticky":false,"template":"","format":"standard","meta":{"footnotes":""},"categories":[1],"tags":[],"class_list":["post-3986","post","type-post","status-publish","format-standard","hentry","category-hirek"],"_links":{"self":[{"href":"https:\/\/tokajiirotabor.hu\/irotabor_archiv\/wp-json\/wp\/v2\/posts\/3986"}],"collection":[{"href":"https:\/\/tokajiirotabor.hu\/irotabor_archiv\/wp-json\/wp\/v2\/posts"}],"about":[{"href":"https:\/\/tokajiirotabor.hu\/irotabor_archiv\/wp-json\/wp\/v2\/types\/post"}],"author":[{"embeddable":true,"href":"https:\/\/tokajiirotabor.hu\/irotabor_archiv\/wp-json\/wp\/v2\/users\/1"}],"replies":[{"embeddable":true,"href":"https:\/\/tokajiirotabor.hu\/irotabor_archiv\/wp-json\/wp\/v2\/comments?post=3986"}],"version-history":[{"count":1,"href":"https:\/\/tokajiirotabor.hu\/irotabor_archiv\/wp-json\/wp\/v2\/posts\/3986\/revisions"}],"predecessor-version":[{"id":3987,"href":"https:\/\/tokajiirotabor.hu\/irotabor_archiv\/wp-json\/wp\/v2\/posts\/3986\/revisions\/3987"}],"wp:attachment":[{"href":"https:\/\/tokajiirotabor.hu\/irotabor_archiv\/wp-json\/wp\/v2\/media?parent=3986"}],"wp:term":[{"taxonomy":"category","embeddable":true,"href":"https:\/\/tokajiirotabor.hu\/irotabor_archiv\/wp-json\/wp\/v2\/categories?post=3986"},{"taxonomy":"post_tag","embeddable":true,"href":"https:\/\/tokajiirotabor.hu\/irotabor_archiv\/wp-json\/wp\/v2\/tags?post=3986"}],"curies":[{"name":"wp","href":"https:\/\/api.w.org\/{rel}","templated":true}]}}