{"id":3984,"date":"2012-05-14T12:41:59","date_gmt":"2012-05-14T11:41:59","guid":{"rendered":"http:\/\/www.tokajiirotabor.hu\/?p=3984"},"modified":"2016-06-22T12:43:31","modified_gmt":"2016-06-22T11:43:31","slug":"felhivas-tokaji-irotabor-2012","status":"publish","type":"post","link":"https:\/\/tokajiirotabor.hu\/irotabor_archiv\/felhivas-tokaji-irotabor-2012\/","title":{"rendered":"FELH\u00cdV\u00c1S &#8211; TOKAJI \u00cdR\u00d3T\u00c1BOR 2012"},"content":{"rendered":"<p><strong>40. Tokaji \u00cdr\u00f3t\u00e1bor<\/strong><\/p>\n<p>2012. augusztus 15-16-17. (szerda, cs\u00fct\u00f6rt\u00f6k, p\u00e9ntek)<\/p>\n<p><strong>\u00a0Eltiltva \u00e9s elfelejtve<\/strong><\/p>\n<p><strong><em>A hallgat\u00e1s \u00e9s elhallgattat\u00e1s \u00e9vei a magyar irodalomban<\/em><\/strong><\/p>\n<p style=\"text-align: justify;\" align=\"left\">\n<p style=\"text-align: justify;\">Az irodalom \u00e9s a politikai hatalom viszonya &#8211; a diktat\u00far\u00e1k \u00e9s az ideol\u00f3giai egyeduralom idej\u00e9n \u2013 az alkot\u00f3i sorsokat, irodalmi p\u00e1ly\u00e1kat, a frissen form\u00e1l\u00f3d\u00f3 \u00e9s a m\u00e1r lez\u00e1rt \u00e9letm\u0171vek helyzet\u00e9t v\u00e9gzetesen befoly\u00e1solta. A szabad szellem \u00e1llami ellen\u0151rz\u00e9s\u00e9nek, cenzur\u00e1lis csonk\u00edt\u00e1s\u00e1nak\u00a0t\u00f6rt\u00e9nelmi korszakonk\u00e9nt v\u00e1ltoztak a m\u00f3dszerei.\u00a0A szakmai szervezetek \u00e9s az auton\u00f3m irodalmi org\u00e1numok felsz\u00e1mol\u00e1s\u00e1t\u00f3l az \u201eellens\u00e9ges\u201d vagy \u201ereakci\u00f3s szeml\u00e9let\u0171\u201d szerz\u0151k betilt\u00e1s\u00e1t\u00f3l, el\u00fcld\u00f6z\u00e9s\u00e9t\u0151l, beb\u00f6rt\u00f6nz\u00e9s\u00e9t\u0151l a klasszikus irodalmi alkot\u00e1sok ideol\u00f3giai alapon t\u00f6rt\u00e9n\u0151 cenz\u00far\u00e1z\u00e1s\u00e1ig, a fiatal tehets\u00e9gek kontraszelekt\u00e1l\u00e1s\u00e1ig, a kort\u00e1rs alkot\u00f3k hamis hierarchi\u00e1j\u00e1nak kialak\u00edt\u00e1s\u00e1ig, k\u00e9s\u0151bb a nyilv\u00e1noss\u00e1g, a szakmai befogad\u00e1s zsilipjeinek a \u201etiltott, t\u0171rt, t\u00e1mogatott\u201d min\u0151s\u00edt\u00e9sek jegy\u00e9ben t\u00f6rt\u00e9n\u0151 mozgat\u00e1s\u00e1ig sz\u00e1mtalan eszk\u00f6z \u00e1llt a hatalom rendelkez\u00e9s\u00e9re, hogy l\u00e9trehozza az \u00e1ltala teljes m\u00e9rt\u00e9kben uralt \u00e9s ir\u00e1ny\u00edtott irodalmi \u00e9letet.<\/p>\n<p style=\"text-align: justify;\"><a id=\"tovabb\" name=\"tovabb\"><\/a><\/p>\n<p style=\"text-align: justify;\">\n<p style=\"text-align: justify;\" align=\"left\">Ez a k\u00f6vetkezetes ir\u00e1ny\u00edt\u00e1s hat\u00e1rozta meg az irodalomk\u00f6zvet\u00edt\u0151 rendszerek: az oktat\u00e1s, a k\u00f6nyvt\u00e1r, a r\u00e1di\u00f3, a filmgy\u00e1rt\u00e1s, majd a telev\u00edzi\u00f3 \u00e1ltal reprezent\u00e1lt k\u00e1nont, amely sz\u00e1mos \u00e9rt\u00e9ket is mag\u00e1ban foglalt ugyan, de a k\u00fcl\u00f6nb\u00f6z\u0151 politikai id\u0151szakokban &#8211; p\u00e9ld\u00e1ul1945-49, 1950-56, 1957-61- k\u00f6ny\u00f6rtelen\u00fcl kiiktatta a k\u00f6ztudatb\u00f3l a vele azonosulni nem k\u00e9pes, nem hajland\u00f3 alkot\u00f3kat \u00e9s \u00e9letm\u0171veiket. \u00cdgy t\u00f6r\u00f6lt\u00e9k a 2. vil\u00e1gh\u00e1bor\u00fat k\u00f6vet\u0151 \u00e9vtizedek magyar irodalm\u00e1b\u00f3l p\u00e9ld\u00e1ul B\u00e1nffy Mikl\u00f3s, Dsida Jen\u0151, Hamvas B\u00e9la, Ign\u00e1cz R\u00f3zsa, Kodol\u00e1nyi J\u00e1nos, K\u00f3s K\u00e1roly, M\u00e1rai S\u00e1ndor, M\u00e9cs L\u00e1szl\u00f3, Nyir\u0151 J\u00f3zsef, Rem\u00e9nyik S\u00e1ndor, Tormay Cecile, V\u00e1rkonyi N\u00e1ndor, Wass Albert \u00e9s m\u00e1s kiv\u00e1l\u00f3 \u00edr\u00f3k, irodalm\u00e1rok nev\u00e9t. M\u0171veiket kitalicsk\u00e1zt\u00e1k a k\u00f6nyvt\u00e1rakb\u00f3l \u00e9s bez\u00fazt\u00e1k, arck\u00e9p\u00fcket, f\u00e9nyk\u00e9peiket kiretus\u00e1lt\u00e1k a dokumentumokb\u00f3l, l\u00e9t\u00fcket kihagyt\u00e1k a magyar irodalom t\u00f6rt\u00e9net\u00e9b\u0151l.<\/p>\n<p style=\"text-align: justify;\" align=\"left\">Mindezt hossz\u00fa \u00e9vtizedek alatt, \u00e1llami k\u00f6lts\u00e9gvet\u00e9sb\u0151l fizetett irodalmi hivatalnokok serege v\u00e9gezte el, munk\u00e1juk m\u00e1ig \u00e9rv\u00e9nyes hat\u00e1sa a sok, ma is hi\u00e1nyos v\u00e1ltozatban k\u00f6zk\u00e9zen forg\u00f3 k\u00f6nyv, a k\u00fcl\u00f6nb\u00f6z\u0151 oktat\u00e1si szinteken m\u00e1ig torz \u00e9s hi\u00e1nyos \u00e9rt\u00e9krendet k\u00f6zvet\u00edt\u0151 tank\u00f6nyvek, a politikai tabuk alapj\u00e1n l\u00e9trej\u00f6tt hamis k\u00e1nonokat k\u00f6r\u00f6mszakadtig v\u00e9d\u0151 szakemberek ut\u00f3v\u00e9dharca. De vajon ut\u00f3v\u00e9dharc-e ez?<\/p>\n<p style=\"text-align: justify;\" align=\"left\">Mi magyar\u00e1zza a \u201eszocialista\u201d kult\u00farpolitika megalkotta, de a posztmodern teoretikusok \u00e1ltal is elfogadott \u00e9s igazolt \u00e9rt\u00e9krend azonoss\u00e1gait? Mik\u00e9nt j\u00f6tt l\u00e9tre sz\u00f6vets\u00e9g\u00fck az irodalomt\u00f6rt\u00e9net \u00e9s \u2013 tudom\u00e1ny legfels\u0151 szintjein, a kitiltott \u00e9s elfeledett irodalmi alkot\u00f3k \u00e9s munk\u00e1ik ignor\u00e1l\u00e1s\u00e1ra? A rendszerv\u00e1ltoz\u00e1s ut\u00e1ni k\u00f6nyv- \u00e9s foly\u00f3irat kiad\u00e1s \u2013 els\u0151sorban a l\u00e9trej\u00f6v\u0151, auton\u00f3m szellemi m\u0171helyek \u00e9s az \u0151ket seg\u00edt\u0151 irodalomt\u00e1mogat\u00e1si rendszer \u2013 kikezdte ezt a nemzetk\u00f6zi h\u00e1torsz\u00e1ggal is b\u00edr\u00f3, szil\u00e1rd \u00e9s magabiztos, de v\u00e9gtelen\u00fcl egyoldal\u00fa \u00e9rt\u00e9krendet. Megpr\u00f3b\u00e1lta a val\u00f3s irodalmi \u00e9rt\u00e9kekkel kieg\u00e9sz\u00edteni az elm\u00falt hatvan \u00e9v ideol\u00f3giai alapokon besz\u0171k\u00edtett \u00e9s megcsontosodott k\u00e1nonj\u00e1t. Sikerrel j\u00e1rtak-e er\u0151fesz\u00edt\u00e9seik? Mi hi\u00e1nyzik ahhoz, hogy kialakuljon a magyar irodalmi \u00e9let eg\u00e9szs\u00e9ges \u00f6nismerete \u00e9s \u00f6nbecs\u00fcl\u00e9se?<\/p>\n<p style=\"text-align: justify;\">A 40. Tokaji \u00cdr\u00f3t\u00e1bor az\u00e9rt id\u00e9zi meg azokat a t\u00f6rt\u00e9nelmi pillanatokat, amikor a diktat\u00fara a megtorl\u00e1s, a tilt\u00e1s, a korl\u00e1toz\u00e1s rendszer\u00e9t l\u00e9trehozta, illetve amikor az \u00edzl\u00e9sbeli \u00e9s ideol\u00f3giai eszmecser\u00e9t akad\u00e1lyoz\u00f3 gyanakv\u00e1s \u00e9s megosztotts\u00e1g t\u00fal\u00e9li kor\u00e1t, hogy felh\u00edvja a figyelmet a jelen k\u00e9tarc\u00fas\u00e1g\u00e1ra, egyszersmind \u00f6szt\u00f6n\u00f6zze egy el\u0151\u00edt\u00e9letekkel teli, \u00e9rt\u00e9kzavaros korszak \u00f6r\u00f6ks\u00e9g\u00e9nek felm\u00e9r\u00e9s\u00e9t \u00e9s felsz\u00e1mol\u00e1s\u00e1t.<\/p>\n<p style=\"text-align: justify;\">\n<p style=\"text-align: justify;\"><u>A Tan\u00e1cskoz\u00e1s helysz\u00edne:<\/u><\/p>\n<p style=\"text-align: justify;\">A Tokaji Ferenc Gimn\u00e1zium, annak koll\u00e9giuma \u00e9s kertje, a tokaji Paulay Ede Sz\u00ednh\u00e1z.<\/p>\n<p style=\"text-align: justify;\">A hagyom\u00e1nyok szerint a Tokaji\u00a0Est\u00e9k sorozatban alkot\u00f3m\u0171helyek, foly\u00f3iratok bemutatkoz\u00e1sa, felolvas\u00f3 est \u00e9s min\u0151s\u00e9gi tokaji k\u00f3stol\u00e1s v\u00e1rja a r\u00e9sztvev\u0151ket.<\/p>\n<p style=\"text-align: justify;\">\u00c9rdekl\u0151dni lehet a k\u00f6vetkez\u0151 sz\u00e1mokon:<\/p>\n<p style=\"text-align: justify;\"><strong>06-46-359-923 vagy\u00a0<\/strong><strong>06-20-453-48-90<\/strong><\/p>\n<p style=\"text-align: justify;\"><em>(K\u00fclf\u00f6ldr\u0151l val\u00f3 jelentkez\u00e9skor a 36-os el\u0151h\u00edv\u00f3sz\u00e1m nem n\u00e9lk\u00fcl\u00f6zhet\u0151)<\/em><\/p>\n","protected":false},"excerpt":{"rendered":"<p>40. Tokaji \u00cdr\u00f3t\u00e1bor 2012. augusztus 15-16-17. (szerda, cs\u00fct\u00f6rt\u00f6k, p\u00e9ntek) \u00a0Eltiltva \u00e9s elfelejtve A hallgat\u00e1s \u00e9s elhallgattat\u00e1s \u00e9vei a magyar irodalomban Az irodalom \u00e9s a politikai hatalom viszonya &#8211; a diktat\u00far\u00e1k \u00e9s az ideol\u00f3giai egyeduralom idej\u00e9n \u2013 az alkot\u00f3i sorsokat, irodalmi&#8230;<\/p>\n","protected":false},"author":1,"featured_media":0,"comment_status":"closed","ping_status":"closed","sticky":false,"template":"","format":"standard","meta":{"footnotes":""},"categories":[1],"tags":[96],"class_list":["post-3984","post","type-post","status-publish","format-standard","hentry","category-hirek","tag-irotabor"],"_links":{"self":[{"href":"https:\/\/tokajiirotabor.hu\/irotabor_archiv\/wp-json\/wp\/v2\/posts\/3984"}],"collection":[{"href":"https:\/\/tokajiirotabor.hu\/irotabor_archiv\/wp-json\/wp\/v2\/posts"}],"about":[{"href":"https:\/\/tokajiirotabor.hu\/irotabor_archiv\/wp-json\/wp\/v2\/types\/post"}],"author":[{"embeddable":true,"href":"https:\/\/tokajiirotabor.hu\/irotabor_archiv\/wp-json\/wp\/v2\/users\/1"}],"replies":[{"embeddable":true,"href":"https:\/\/tokajiirotabor.hu\/irotabor_archiv\/wp-json\/wp\/v2\/comments?post=3984"}],"version-history":[{"count":1,"href":"https:\/\/tokajiirotabor.hu\/irotabor_archiv\/wp-json\/wp\/v2\/posts\/3984\/revisions"}],"predecessor-version":[{"id":3985,"href":"https:\/\/tokajiirotabor.hu\/irotabor_archiv\/wp-json\/wp\/v2\/posts\/3984\/revisions\/3985"}],"wp:attachment":[{"href":"https:\/\/tokajiirotabor.hu\/irotabor_archiv\/wp-json\/wp\/v2\/media?parent=3984"}],"wp:term":[{"taxonomy":"category","embeddable":true,"href":"https:\/\/tokajiirotabor.hu\/irotabor_archiv\/wp-json\/wp\/v2\/categories?post=3984"},{"taxonomy":"post_tag","embeddable":true,"href":"https:\/\/tokajiirotabor.hu\/irotabor_archiv\/wp-json\/wp\/v2\/tags?post=3984"}],"curies":[{"name":"wp","href":"https:\/\/api.w.org\/{rel}","templated":true}]}}