{"id":3982,"date":"2012-07-13T12:39:55","date_gmt":"2012-07-13T11:39:55","guid":{"rendered":"http:\/\/www.tokajiirotabor.hu\/?p=3982"},"modified":"2016-06-22T12:41:06","modified_gmt":"2016-06-22T11:41:06","slug":"program-tokaji-irotabor-2012","status":"publish","type":"post","link":"https:\/\/tokajiirotabor.hu\/irotabor_archiv\/program-tokaji-irotabor-2012\/","title":{"rendered":"PROGRAM &#8211; TOKAJI \u00cdR\u00d3T\u00c1BOR 2012"},"content":{"rendered":"<p align=\"center\"><strong>TOKAJI \u00cdR\u00d3T\u00c1BOR, 2012. augusztus 15-17.<\/strong><\/p>\n<p align=\"center\">\n<p>&nbsp;<\/p>\n<p><strong>2012. augusztus 15. szerda<\/strong><\/p>\n<p>&nbsp;<\/p>\n<p><strong>11:00<\/strong><\/p>\n<p>R\u00c1K\u00d3CZI-PINCE<\/p>\n<p><strong>\u00cdr\u00f3t\u00e1bor 2012<\/strong> \u2013 Megnyitja: <strong>Szentm\u00e1rtoni J\u00e1nos<\/strong> eln\u00f6k<\/p>\n<p>K\u00f6sz\u00f6nt\u0151: <strong>M\u00e1jer J\u00e1nos<\/strong> polg\u00e1rmester<\/p>\n<p>K\u00f6zrem\u0171k\u00f6dik: <strong>Blask\u00f3 P\u00e9ter <\/strong>sz\u00ednm\u0171v\u00e9sz<\/p>\n<p>H\u00e1zigazda: <strong>Kov\u00e1cs Tibor<\/strong> birtokigazgat\u00f3<\/p>\n<p>&nbsp;<\/p>\n<p><strong>12:00<\/strong><\/p>\n<p>TOKAJI FERENC GIMN\u00c1ZIUM, aula<\/p>\n<p><strong>\u00c9letem reg\u00e9nye\u00a0 \u2013 M\u00f3ricz Zsigmond ki\u00e1ll\u00edt\u00e1s megnyit\u00e1sa<\/strong><\/p>\n<p>Megnyitja:\u00a0 <strong>E. Csorba Csilla<\/strong> f\u0151igazgat\u00f3<\/p>\n<p>A ki\u00e1ll\u00edt\u00e1st bemutatja <strong>Hegyi Katalin<\/strong> irodalmi muzeol\u00f3gus<\/p>\n<p>K\u00f6zrem\u0171k\u00f6dik: <strong>Kun Fruzsina<\/strong> gimn\u00e1ziumi tanul\u00f3 (zongora)<\/p>\n<p>H\u00e1zigazda: <strong>J\u00e1nosi Zolt\u00e1n<\/strong><\/p>\n<p>&nbsp;<\/p>\n<p><strong>12:30<\/strong><\/p>\n<p>Eb\u00e9d<\/p>\n<p>&nbsp;<\/p>\n<p><strong>14:00<\/strong><\/p>\n<p>TOKAJI FERENC GIMN\u00c1ZIUM, aula<\/p>\n<p><strong>10 \u00e9ves a Tokaj Vil\u00e1g\u00f6r\u00f6ks\u00e9g<\/strong><\/p>\n<p>El\u0151ad\u00f3: <strong>Demeter Ervin<\/strong> korm\u00e1nymegb\u00edzott<\/p>\n<p>Eln\u00f6k\u00f6l: <strong>M\u00e1jer J\u00e1nos<\/strong> egyes\u00fcleti eln\u00f6k<\/p>\n<p>&nbsp;<\/p>\n<p><strong>14:15 &#8211; 17:45<\/strong><\/p>\n<p>TOKAJI FERENC GIMN\u00c1ZIUM, aula<\/p>\n<p><strong>Eltiltva \u00e9s elfelejtve \u2013 A hallgat\u00e1s \u00e9s elhallgattat\u00e1s \u00e9vei a magyar irodalomban<\/strong> c\u00edm\u0171 tan\u00e1cskoz\u00e1s\u00a0 (plen\u00e1ris \u00fcl\u00e9s)<\/p>\n<p>Eln\u00f6k\u00f6l: <strong>\u00c1cs Margit, Szentm\u00e1rtoni J\u00e1nos<\/strong><\/p>\n<p>El\u0151ad\u00f3: <strong>Czak\u00f3 G\u00e1bor, L\u00e1nczi Andr\u00e1s, Lezs\u00e1k S\u00e1ndor, Medvigy Endre, Sipos Anna Magdolna, T\u0151k\u00e9czki L\u00e1szl\u00f3<\/strong><\/p>\n<p>&nbsp;<\/p>\n<p><strong>18:15<\/strong><\/p>\n<p>Vacsora<\/p>\n<p>&nbsp;<\/p>\n<p><strong>19:45 &#8211; 21:00<\/strong><\/p>\n<p>PAULAY EDE SZ\u00cdNH\u00c1Z<\/p>\n<p><strong>Tokaji est\u00e9k I.<\/strong><\/p>\n<p><strong>Illy\u00e9s Gyula, K\u00e1lnoky L\u00e1szl\u00f3, Nemes Nagy \u00c1gnes eml\u00e9kezete<\/strong><\/p>\n<p><strong>Blask\u00f3 P\u00e9ter, L\u00e1z\u00e1r Bal\u00e1zs, Talli\u00e1n Mariann<\/strong> sz\u00ednm\u0171v\u00e9szek irodalmi m\u0171sora<\/p>\n<p>K\u00f6zrem\u0171k\u00f6dik: <strong>Kis Gergely M\u00e1rton<\/strong> (citera, koboz)<\/p>\n<p>H\u00e1zigazda: <strong>Szentm\u00e1rtoni J\u00e1nos<\/strong><\/p>\n<p>&nbsp;<\/p>\n<p>&nbsp;<\/p>\n<p><strong>21:30 &#8211; 23:00<\/strong><\/p>\n<p>&#8222;VERESSZEK\u00c9R&#8221; FOGAD\u00d3<\/p>\n<p><strong>M\u0170\u00daT Szerkeszt\u0151s\u00e9g &#8211; Fiatal \u00cdr\u00f3k Sz\u00f6vets\u00e9ge<\/strong><\/p>\n<p>K\u00f6sz\u00f6nt\u0151: <strong>Turczi Istv\u00e1n<\/strong><\/p>\n<p>Irodalom: <strong>Bende Tam\u00e1s, Mechiat\u00a0 Zina, Kir\u00e1ly Farkas, Szalai Zsolt, Tasn\u00e1di Istv\u00e1n, Vinnai Andr\u00e1s<\/strong><\/p>\n<p>Zene:\u00a0 <strong>Ujj Zsuzsi<\/strong> \u00e9s <strong>Darvas Krist\u00f3f<\/strong><\/p>\n<p>H\u00e1zigazda: <strong>Zeml\u00e9nyi Attila<\/strong><\/p>\n<p>&nbsp;<\/p>\n<p>&nbsp;<\/p>\n<p>&nbsp;<\/p>\n<p><strong>2012. augusztus 16. cs\u00fct\u00f6rt\u00f6k<\/strong><\/p>\n<p>&nbsp;<\/p>\n<p><strong>7:00<\/strong><\/p>\n<p>Reggeli<\/p>\n<p>&nbsp;<\/p>\n<p><strong>9:00 &#8211; 12:30<\/strong><\/p>\n<p>TOKAJI FERENC GIMN\u00c1ZIUM, aula<\/p>\n<p><strong>A tan\u00e1cskoz\u00e1s folytat\u00e1sa<\/strong> (plen\u00e1ris \u00fcl\u00e9s, vita)<\/p>\n<p>Eln\u00f6k\u00f6l: <strong>J\u00e1nosi Zolt\u00e1n, Sturm L\u00e1szl\u00f3<\/strong><\/p>\n<p>El\u0151ad\u00f3: <strong>Mikl\u00f3ssy Endre, Szab\u00f3 A. Ferenc, S\u00e1rk\u00f6zy P\u00e9ter, Pomog\u00e1ts B\u00e9la, Kollarits Krisztina, Farkas G\u00e1bor, Mezey Katalin<\/strong><\/p>\n<p>&nbsp;<\/p>\n<p><strong>12:30<\/strong><\/p>\n<p>Eb\u00e9d<\/p>\n<p>&nbsp;<\/p>\n<p><strong>14:00 &#8211; 17:00<\/strong><\/p>\n<p>TOKAJI FERENC GIMN\u00c1ZIUM<\/p>\n<p><strong>Munkacsoport-\u00fcl\u00e9sek<\/strong><\/p>\n<p>&nbsp;<\/p>\n<p><strong>\u25cf 1945 \u2013 1955<\/strong><\/p>\n<p>Vezeti: <strong>Szakolczay Lajos<\/strong><\/p>\n<p>El\u0151ad\u00f3: <strong>Kabdeb\u00f3 L\u00f3r\u00e1nt, Nagy Mikl\u00f3s Mih\u00e1ly, Petrik B\u00e9la, Turcs\u00e1ny P\u00e9ter<\/strong><\/p>\n<p>&nbsp;<\/p>\n<p><strong>\u25cf 1956 \u2013 1965<\/strong><\/p>\n<p>Vezeti: <strong>Bertha Zolt\u00e1n<\/strong><\/p>\n<p>El\u0151ad\u00f3: <strong>Cseke P\u00e9ter, Papp Tibor, P\u00fcski Istv\u00e1n, Sz\u0151nyei Tam\u00e1s<\/strong><\/p>\n<p>&nbsp;<\/p>\n<p><strong>17:30<\/strong><\/p>\n<p>aut\u00f3busz indul Tiszalad\u00e1nyba<\/p>\n<p>&nbsp;<\/p>\n<p><strong>18:00 &#8211; 19:00<\/strong><\/p>\n<p>TISZALAD\u00c1NY, K\u00d6Z\u00d6SS\u00c9GI H\u00c1Z<\/p>\n<p><strong>Irodalmi est, tal\u00e1lkoz\u00f3<\/strong><\/p>\n<p>H\u00e1zigazda<strong>:\u00a0 Liszkai Ferenc<\/strong> polg\u00e1rmester<\/p>\n<p>K\u00f6sz\u00f6nt\u0151:\u00a0 <strong>Mezey Katalin<\/strong><\/p>\n<p><strong>100 \u00e9ve sz\u00fcletett Szab\u00f3 Zolt\u00e1n<\/strong> \u2013 <strong>Petrik B\u00e9la<\/strong> el\u0151ad\u00e1sa<\/p>\n<p>K\u00f6zrem\u0171k\u00f6dik: <strong>Blask\u00f3 P\u00e9ter<\/strong> sz\u00ednm\u0171v\u00e9sz<\/p>\n<p>&nbsp;<\/p>\n<p><strong>19:00<\/strong><\/p>\n<p><strong>Koszor\u00faz\u00e1s az irodalmi eml\u00e9kfaln\u00e1l<\/strong><\/p>\n<p>&nbsp;<\/p>\n<p><strong>19:30<\/strong><\/p>\n<p>Vacsora<\/p>\n<p>&nbsp;<\/p>\n<p><strong>20:30 &#8211; 21:30<\/strong><\/p>\n<p>KOLL\u00c9GIUMI KERT<\/p>\n<p><strong>Tokaji est\u00e9k II.<\/strong><\/p>\n<p>Bemutatkozik a <strong>Nap\u00fat<\/strong> \u00e9s a <strong>Pal\u00f3cf\u00f6ld<\/strong> foly\u00f3irat<\/p>\n<p>F\u0151szerkeszt\u0151k: <strong>Szondi Gy\u00f6rgy, Mizser Attila<\/strong><\/p>\n<p>K\u00f6zrem\u0171k\u00f6dik: <strong>Iancu Laura, N\u00e9meth Zolt\u00e1n, Pr\u00e1gai Tam\u00e1s, Szakolczay Lajos, Sz\u00e1szi Zolt\u00e1n, Sz\u00e1vai Attila<\/strong><\/p>\n<p>&nbsp;<\/p>\n<p><strong>21:30 &#8211; 22:30<\/strong><\/p>\n<p><strong>Bork\u00f3stol\u00f3 \u2013<\/strong>\u00a0 <strong>Szepsy Istv\u00e1n Pinc\u00e9szete<\/strong> (M\u00e1d)<\/p>\n<p>K\u00f6sz\u00f6nt\u0151: <strong>M\u00e1jer J\u00e1nos<\/strong> polg\u00e1rmester<\/p>\n<p>El\u0151ad\u00f3: <strong>Szepsy Istv\u00e1n<\/strong> bor\u00e1sz<\/p>\n<p>K\u00f6zrem\u0171k\u00f6dik: <strong>Blask\u00f3 P\u00e9ter<\/strong> sz\u00ednm\u0171v\u00e9sz<\/p>\n<p>&nbsp;<\/p>\n<p>&nbsp;<\/p>\n<p>&nbsp;<\/p>\n<p><strong>2012. augusztus 17. p\u00e9ntek<\/strong><\/p>\n<p>&nbsp;<\/p>\n<p><strong>7:00<\/strong><\/p>\n<p>Reggeli<\/p>\n<p>&nbsp;<\/p>\n<p><strong>9:00 &#8211; 9:30<\/strong><\/p>\n<p>MILLENNIUMI IRODALMI EML\u00c9KPARK<\/p>\n<p><strong>T\u00e1blaavat\u00e1s Szemere Bertalan eml\u00e9k\u00e9re<\/strong><\/p>\n<p>H\u00e1zigazda:<strong>K\u00f6d\u00f6b\u00f6cz G\u00e1bor<\/strong><\/p>\n<p>K\u00f6sz\u00f6nt\u0151: <strong>Mengyi Roland<\/strong> megyei k\u00f6zgy\u0171l\u00e9si eln\u00f6k<\/p>\n<p>Laud\u00e1ci\u00f3t tart: <strong>Albert G\u00e1bor<\/strong><\/p>\n<p>K\u00f6zrem\u0171k\u00f6dik: <strong>Blask\u00f3 P\u00e9ter<\/strong> sz\u00ednm\u0171v\u00e9sz<\/p>\n<p>&nbsp;<\/p>\n<p><strong>9:30 &#8211; 10:30<\/strong><\/p>\n<p>TOKAJI FERENC GIMN\u00c1ZIUM, aula<\/p>\n<p><strong>Kerekasztal a Tokaji \u00cdr\u00f3t\u00e1bor m\u00faltj\u00e1r\u00f3l, jelen\u00e9r\u0151l, j\u00f6v\u0151j\u00e9r\u0151l<\/strong><\/p>\n<p>Vezeti: <strong>Szentm\u00e1rtoni J\u00e1nos<\/strong><\/p>\n<p>R\u00e9sztvev\u0151k: <strong>G\u00e1l S\u00e1ndor, Mezey Katalin, Pomog\u00e1ts B\u00e9la, Pozsgay Imre, Serf\u0151z\u0151 Simon, T\u00f3bi\u00e1s \u00c1ron, Vasy G\u00e9za<\/strong><\/p>\n<p>&nbsp;<\/p>\n<p>&nbsp;<\/p>\n<p><strong>10:30 &#8211; 11:30<\/strong><\/p>\n<p><strong>A tan\u00e1cskoz\u00e1s befejez\u00e9se<\/strong> (plen\u00e1ris \u00fcl\u00e9s)<\/p>\n<p>Eln\u00f6k\u00f6l: <strong>Vasy G\u00e9za<\/strong><\/p>\n<p>El\u0151ad\u00f3: <strong>Gyur\u00e1cz Ferenc, Cs.Varga Istv\u00e1n<\/strong><\/p>\n<p>\u00c9rt\u00e9kel\u00e9s, aj\u00e1nl\u00e1s, \u00f6sszefoglal\u00f3<\/p>\n<p>K\u00f6zrem\u0171k\u00f6dik: <strong>Bertha Zolt\u00e1n, Szakolczay Lajos<\/strong><\/p>\n<p>&nbsp;<\/p>\n<p><strong>11:30<\/strong><\/p>\n<p>II. R\u00c1K\u00d3CZI FERENC \u00c1LTAL\u00c1NOS ISKOLA &#8211; aula<\/p>\n<p>&nbsp;<\/p>\n<p><strong>Fogad\u00e1s<\/strong><\/p>\n<p><strong>H\u00e1zigazda: Szentm\u00e1rtoni J\u00e1nos<\/strong><\/p>\n<p><strong>\u00cdr\u00f3t\u00e1bori d\u00edjak \u00e1tad\u00e1sa<\/strong><\/p>\n<p><strong>Laud\u00e1ci\u00f3<\/strong><\/p>\n<p><strong>Poh\u00e1rk\u00f6sz\u00f6nt\u0151<\/strong><\/p>\n<p><strong>Z\u00e1rsz\u00f3<\/strong><\/p>\n","protected":false},"excerpt":{"rendered":"<p>TOKAJI \u00cdR\u00d3T\u00c1BOR, 2012. augusztus 15-17. &nbsp; 2012. augusztus 15. szerda &nbsp; 11:00 R\u00c1K\u00d3CZI-PINCE \u00cdr\u00f3t\u00e1bor 2012 \u2013 Megnyitja: Szentm\u00e1rtoni J\u00e1nos eln\u00f6k K\u00f6sz\u00f6nt\u0151: M\u00e1jer J\u00e1nos polg\u00e1rmester K\u00f6zrem\u0171k\u00f6dik: Blask\u00f3 P\u00e9ter sz\u00ednm\u0171v\u00e9sz H\u00e1zigazda: Kov\u00e1cs Tibor birtokigazgat\u00f3 &nbsp; 12:00 TOKAJI FERENC GIMN\u00c1ZIUM, aula \u00c9letem reg\u00e9nye\u00a0&#8230;<\/p>\n","protected":false},"author":1,"featured_media":0,"comment_status":"closed","ping_status":"closed","sticky":false,"template":"","format":"standard","meta":{"footnotes":""},"categories":[1],"tags":[96],"class_list":["post-3982","post","type-post","status-publish","format-standard","hentry","category-hirek","tag-irotabor"],"_links":{"self":[{"href":"https:\/\/tokajiirotabor.hu\/irotabor_archiv\/wp-json\/wp\/v2\/posts\/3982"}],"collection":[{"href":"https:\/\/tokajiirotabor.hu\/irotabor_archiv\/wp-json\/wp\/v2\/posts"}],"about":[{"href":"https:\/\/tokajiirotabor.hu\/irotabor_archiv\/wp-json\/wp\/v2\/types\/post"}],"author":[{"embeddable":true,"href":"https:\/\/tokajiirotabor.hu\/irotabor_archiv\/wp-json\/wp\/v2\/users\/1"}],"replies":[{"embeddable":true,"href":"https:\/\/tokajiirotabor.hu\/irotabor_archiv\/wp-json\/wp\/v2\/comments?post=3982"}],"version-history":[{"count":1,"href":"https:\/\/tokajiirotabor.hu\/irotabor_archiv\/wp-json\/wp\/v2\/posts\/3982\/revisions"}],"predecessor-version":[{"id":3983,"href":"https:\/\/tokajiirotabor.hu\/irotabor_archiv\/wp-json\/wp\/v2\/posts\/3982\/revisions\/3983"}],"wp:attachment":[{"href":"https:\/\/tokajiirotabor.hu\/irotabor_archiv\/wp-json\/wp\/v2\/media?parent=3982"}],"wp:term":[{"taxonomy":"category","embeddable":true,"href":"https:\/\/tokajiirotabor.hu\/irotabor_archiv\/wp-json\/wp\/v2\/categories?post=3982"},{"taxonomy":"post_tag","embeddable":true,"href":"https:\/\/tokajiirotabor.hu\/irotabor_archiv\/wp-json\/wp\/v2\/tags?post=3982"}],"curies":[{"name":"wp","href":"https:\/\/api.w.org\/{rel}","templated":true}]}}