{"id":3979,"date":"2012-08-20T12:36:32","date_gmt":"2012-08-20T11:36:32","guid":{"rendered":"http:\/\/www.tokajiirotabor.hu\/?p=3979"},"modified":"2016-06-22T12:38:55","modified_gmt":"2016-06-22T11:38:55","slug":"beszamolo-tokaji-irotabor-2012","status":"publish","type":"post","link":"https:\/\/tokajiirotabor.hu\/irotabor_archiv\/beszamolo-tokaji-irotabor-2012\/","title":{"rendered":"BESZ\u00c1MOL\u00d3 \u2013 TOKAJI \u00cdR\u00d3T\u00c1BOR 2012"},"content":{"rendered":"<p style=\"text-align: justify;\">V\u00e9get \u00e9rt a 40. Tokaji \u00cdr\u00f3t\u00e1bor. Augusztus 14. \u00e9s 17. k\u00f6z\u00f6tt t\u00f6bb mint 200 r\u00e9sztvev\u0151 fordult meg Tokajban. A tervezett program megval\u00f3sult. Rem\u00e9lj\u00fck, a jubileumi \u00edr\u00f3t\u00e1bor tan\u00e1cskoz\u00e1sa hozz\u00e1j\u00e1rul a k\u00f6z\u00f6s gondolkod\u00e1s, a sz\u00fcks\u00e9ges v\u00e1ltoz\u00e1sok elind\u00edt\u00e1s\u00e1hoz, a k\u00f6z\u00f6s c\u00e9lok el\u00e9r\u00e9shez.\u00a0 A felmer\u00fclt aggodalmakra adott \u00edr\u00f3t\u00e1bori v\u00e1lasz itt olvashat\u00f3. A kurat\u00f3rium sz\u00e1nd\u00e9ka, hogy az idei t\u00e9mak\u00f6rt a 2013. \u00e9vi \u00edr\u00f3t\u00e1bor hasonl\u00f3 c\u00edmmel folytatja az 1966-1990 k\u00f6z\u00f6tti id\u0151szak t\u00e1rgyal\u00e1s\u00e1val.\u00a0 A jubileumi \u00edr\u00f3t\u00e1bor d\u00edjak \u00e9s elismer\u00e9sek \u00e1tad\u00e1s\u00e1val fejez\u0151d\u00f6tt be.\u00a0 A kurat\u00f3rium 2012. \u00e9vi d\u00edj\u00e1t Csender Levente \u00edr\u00f3 vette \u00e1t. Az elhangzott el\u0151ad\u00e1sok k\u00f6z\u00fcl els\u0151k\u00e9nt Szentm\u00e1rtoni J\u00e1nos kurat\u00f3riumi eln\u00f6k megnyit\u00f3 besz\u00e9d\u00e9t tessz\u00fck k\u00f6z\u00e9.<\/p>\n","protected":false},"excerpt":{"rendered":"<p>V\u00e9get \u00e9rt a 40. Tokaji \u00cdr\u00f3t\u00e1bor. Augusztus 14. \u00e9s 17. k\u00f6z\u00f6tt t\u00f6bb mint 200 r\u00e9sztvev\u0151 fordult meg Tokajban. A tervezett program megval\u00f3sult. Rem\u00e9lj\u00fck, a jubileumi \u00edr\u00f3t\u00e1bor tan\u00e1cskoz\u00e1sa hozz\u00e1j\u00e1rul a k\u00f6z\u00f6s gondolkod\u00e1s, a sz\u00fcks\u00e9ges v\u00e1ltoz\u00e1sok elind\u00edt\u00e1s\u00e1hoz, a k\u00f6z\u00f6s c\u00e9lok el\u00e9r\u00e9shez.\u00a0 A&#8230;<\/p>\n","protected":false},"author":1,"featured_media":0,"comment_status":"closed","ping_status":"closed","sticky":false,"template":"","format":"standard","meta":{"footnotes":""},"categories":[1],"tags":[96],"class_list":["post-3979","post","type-post","status-publish","format-standard","hentry","category-hirek","tag-irotabor"],"_links":{"self":[{"href":"https:\/\/tokajiirotabor.hu\/irotabor_archiv\/wp-json\/wp\/v2\/posts\/3979"}],"collection":[{"href":"https:\/\/tokajiirotabor.hu\/irotabor_archiv\/wp-json\/wp\/v2\/posts"}],"about":[{"href":"https:\/\/tokajiirotabor.hu\/irotabor_archiv\/wp-json\/wp\/v2\/types\/post"}],"author":[{"embeddable":true,"href":"https:\/\/tokajiirotabor.hu\/irotabor_archiv\/wp-json\/wp\/v2\/users\/1"}],"replies":[{"embeddable":true,"href":"https:\/\/tokajiirotabor.hu\/irotabor_archiv\/wp-json\/wp\/v2\/comments?post=3979"}],"version-history":[{"count":2,"href":"https:\/\/tokajiirotabor.hu\/irotabor_archiv\/wp-json\/wp\/v2\/posts\/3979\/revisions"}],"predecessor-version":[{"id":3981,"href":"https:\/\/tokajiirotabor.hu\/irotabor_archiv\/wp-json\/wp\/v2\/posts\/3979\/revisions\/3981"}],"wp:attachment":[{"href":"https:\/\/tokajiirotabor.hu\/irotabor_archiv\/wp-json\/wp\/v2\/media?parent=3979"}],"wp:term":[{"taxonomy":"category","embeddable":true,"href":"https:\/\/tokajiirotabor.hu\/irotabor_archiv\/wp-json\/wp\/v2\/categories?post=3979"},{"taxonomy":"post_tag","embeddable":true,"href":"https:\/\/tokajiirotabor.hu\/irotabor_archiv\/wp-json\/wp\/v2\/tags?post=3979"}],"curies":[{"name":"wp","href":"https:\/\/api.w.org\/{rel}","templated":true}]}}