{"id":3977,"date":"2012-11-19T12:34:15","date_gmt":"2012-11-19T11:34:15","guid":{"rendered":"http:\/\/www.tokajiirotabor.hu\/?p=3977"},"modified":"2016-06-22T12:35:24","modified_gmt":"2016-06-22T11:35:24","slug":"mezey-katalin-varkonyi-nandor-elnemitasa","status":"publish","type":"post","link":"https:\/\/tokajiirotabor.hu\/irotabor_archiv\/mezey-katalin-varkonyi-nandor-elnemitasa\/","title":{"rendered":"MEZEY KATALIN: V\u00c1RKONYI N\u00c1NDOR ELN\u00c9M\u00cdT\u00c1SA"},"content":{"rendered":"<div>\n<div style=\"text-align: justify;\">V\u00e1rkonyi N\u00e1ndor kiiktat\u00e1sa a magyar irodalmi \u00e9s kultur\u00e1lis k\u00f6ztudatb\u00f3l az elm\u00falt 60 esztend\u0151 kult\u00farpolitik\u00e1j\u00e1nak igen komoly teljes\u00edtm\u00e9nye. V\u00e1rkonyi N\u00e1ndor 52 \u00e9ves volt 1948-ban, amikor az eln\u00e9m\u00edt\u00e1s sors\u00e1ra jutott, \u00e9s sokr\u00e9t\u0171, f\u00e1radhatatlan munk\u00e1ss\u00e1ga r\u00e9v\u00e9n a magyar irodalom k\u00fcl\u00f6nb\u00f6z\u0151 gener\u00e1ci\u00f3inak igen sok k\u00e9pvisel\u0151j\u00e9hez szem\u00e9lyes, j\u00f3 kapcsolattal k\u00f6t\u0151d\u00f6tt, irodalomt\u00f6rt\u00e9neteinek \u00e9s f\u0151k\u00e9nt <em>Sziriat oszlopai<\/em> c\u00edm\u0171 m\u0171vel\u0151d\u00e9st\u00f6rt\u00e9neti munk\u00e1j\u00e1nak k\u00f6sz\u00f6nhet\u0151en ismert volt, s\u0151t n\u00e9pszer\u0171s\u00e9gnek \u00f6rvendett a sz\u00e9lesebb olvas\u00f3k\u00f6z\u00f6ns\u00e9g k\u00f6r\u00e9ben is.<\/div>\n<div style=\"text-align: justify;\"><\/div>\n<\/div>\n<p style=\"text-align: justify;\"><a id=\"tovabb\" name=\"tovabb\"><\/a><\/p>\n<div style=\"text-align: justify;\">1927-ben b\u00edzta meg \u0151t &#8211; rendk\u00edv\u00fcli t\u00e1j\u00e9kozotts\u00e1g\u00e1t, olvasotts\u00e1g\u00e1t, p\u00e1ratlan szellemi k\u00e9pess\u00e9geit ismerve &#8211; a neves irodalomtud\u00f3s, Thienemann Tivadar azzal, hogy \u00edrja meg az 1880-1920 k\u00f6z\u00f6tti id\u0151szak\u00a0 magyar irodalm\u00e1nak t\u00f6rt\u00e9net\u00e9t. A V\u00e1rkonyi N\u00e1ndor \u00e1ltal v\u00e1lasztott munkam\u00f3dszer eredm\u00e9nyek\u00e9nt az elk\u00e9sz\u00fclt, <em>A modern magyar irodalom t\u00f6rt\u00e9nete 1880-1920 <\/em>\u00a0c\u00edm\u0171 k\u00f6tetben mintegy ezer \u00edr\u00f3 szerepel. A bev\u00e1lasztott, \u00e9l\u0151, kort\u00e1rs \u00edr\u00f3k mindegyik\u00e9nek levelet \u00edrt, k\u00e9rve, hogy k\u00fcldje el a k\u00e9sz\u00fcl\u0151 m\u0171 sz\u00e1m\u00e1ra r\u00f6vid szakmai \u00e9letrajz\u00e1t \u00e9s legfontosabb m\u0171veinek jegyz\u00e9k\u00e9t. (Pedig akkor m\u00e9g nem az interneten folyt a levelez\u00e9s, hib\u00e1tlan g\u00e9p\u00edr\u00e1ssal, bor\u00edt\u00e9kokat c\u00edmezve, postak\u00f6lts\u00e9get fizetve kellett sz\u00e9tk\u00fcldenie\u00a0 leveleit.) E sz\u00e9lesk\u00f6r\u0171 kapcsolatfelv\u00e9tel sor\u00e1n olyan \u00e9pp csak p\u00e1ly\u00e1ra \u00e1llt fiatalokat is megkeresett, mint pl. Szab\u00f3 L\u0151rinc, Illy\u00e9s Gyula, Papp K\u00e1roly. Ekkor ker\u00fclt &#8211; el\u0151sz\u00f6r csak levelez\u0151 &#8211; ismerets\u00e9gbe Kodol\u00e1nyi J\u00e1nossal is. M\u00e1r 1927-28-ban felfigyelt r\u00e1juk, m\u00e1r akkor tudta, hogy ezek a huszas \u00e9veikben j\u00e1r\u00f3 &#8211; teh\u00e1t n\u00e1l\u00e1n\u00e1l fiatalabb &#8211; k\u00f6lt\u0151k, \u00edr\u00f3k is beletartoznak a magyar irodalom t\u00f6rt\u00e9net\u00e9be. Munkam\u00f3dszere az \u00e9les szem\u0171 \u00e9rt\u00e9kv\u00e1laszt\u00e1son t\u00fal rendk\u00edv\u00fcli al\u00e1zatr\u00f3l \u00e9s munkab\u00edr\u00e1sr\u00f3l, az irodalomt\u00f6rt\u00e9n\u00e9szi szakma ir\u00e1nti megalkuv\u00e1s n\u00e9lk\u00fcli elk\u00f6telezetts\u00e9gr\u0151l tan\u00faskodik.<\/div>\n<div style=\"text-align: justify;\"><\/div>\n<div style=\"text-align: justify;\">V\u00e1rkonyi N\u00e1ndor irodalomt\u00f6rt\u00e9nete persze hamarosan par\u00e1zs vit\u00e1k \u00e9s konfliktusok forr\u00e1sa lett. Az, hogy kit milyen terjedelemben t\u00e1rgyalt, mutatott be a k\u00f6tet, megosztotta az irodalmi \u00e9letet. Sokan s\u00e9rtett hi\u00fas\u00e1gukban szembefordultak vele, \u00e9s minden f\u00f3rumon t\u00e1madt\u00e1k. Irodalmunk akkori legnagyobb alakjai viszont egy \u00e9letre bar\u00e1tjukk\u00e9nt tartott\u00e1k sz\u00e1mon \u0151t,\u00a0 \u00e9s \u00e1polt\u00e1k a hozz\u00e1 f\u0171z\u0151d\u0151 kapcsolatot.<\/div>\n<div style=\"text-align: justify;\">De ekkort\u00f3l fon\u00f3dott \u00f6ssze \u00edr\u00f3i-szerkeszt\u0151i p\u00e1ly\u00e1ja p\u00e9ld\u00e1ul Szab\u00f3 L\u0151rinc\u00e9vel is, a rendszeres levelez\u00e9sen t\u00fal k\u00f6lcs\u00f6n\u00f6sen publik\u00e1ltak az egym\u00e1s \u00e1ltal \u00e9ppen ind\u00edtott foly\u00f3iratokban, vagy egym\u00e1s szerkeszt\u0151t\u00e1rsai voltak \u00e9veken \u00e1t. Illy\u00e9s Gyul\u00e1val a h\u00edress\u00e9 lett francia nyelv\u0171 Pog\u00e1ny-f\u00e9le magyar versantol\u00f3gia, ill. a Gara-f\u00e9le pr\u00f3zaantol\u00f3gia szerkeszt\u00e9se \u00fcgy\u00e9ben is levelezett.\u00a0 Kodol\u00e1nyi J\u00e1nosnak nemcsak bar\u00e1tja, de \u00e9letm\u0171v\u00e9nek szellemi form\u00e1l\u00f3ja, \u00edr\u00f3i kibontakoz\u00e1s\u00e1nak seg\u00edt\u0151je lett.<\/div>\n<div style=\"text-align: justify;\">Elmondhat\u00f3 az is, hogy megjelent vaskos k\u00f6tete irodalomt\u00f6rt\u00e9net-\u00edr\u00e1si hull\u00e1mot ind\u00edtott el. P\u00e9ldak\u00e9nt el\u00e9g, ha Szerb Antal (Magyar irodalomt\u00f6rt\u00e9net, 1934, A vil\u00e1girodalom t\u00f6rt\u00e9nete, 1941) vagy Babits Mih\u00e1ly (Az eur\u00f3pai irodalom t\u00f6rt\u00e9nete, 1936), Sch\u00f6pflin Alad\u00e1r \u00a0(A magyar irodalom t\u00f6rt\u00e9nete a XX. sz\u00e1zadban, 1939) \u00a0m\u0171veire utalunk. De nem csak ennek az 1928-ban megjelent k\u00f6tetnek, majd b\u0151v\u00edtett v\u00e1ltozat\u00e1nak, a hasonl\u00f3 alaposs\u00e1ggal szerkesztett, 1942-ben kiadott<em>Az \u00fajabb magyar irodalom t\u00f6rt\u00e9nete 1880-1940.<\/em> c\u00edm\u0171 k\u00f6nyv\u00e9nek k\u00f6sz\u00f6nhet\u0151en sz\u00f6v\u0151d\u00f6tt \u00f6ssze h\u00edre-neve a hat\u00e1rokat \u00e1t\u00edvelni k\u00e9nytelen magyar irodalom minden gener\u00e1ci\u00f3j\u00e1val. Nagy sz\u00e1m\u00fa publik\u00e1ci\u00f3j\u00e1val: eredeti m\u0171veivel, verseivel, pr\u00f3z\u00e1ival, de m\u0171ford\u00edt\u00e1saival, recenzi\u00f3ival, essz\u00e9ivel is jelen volt minden arra \u00e9rdemes irodalmi \u00e9s kultur\u00e1lis foly\u00f3iratban. P\u00e1lyakezd\u00e9s\u00e9t\u0151l Osv\u00e1t hal\u00e1l\u00e1ig rendszeres szerz\u0151je volt a Nyugatnak. (Osv\u00e1thoz komoly, fi\u00fai bar\u00e1ts\u00e1g f\u0171zte, \u00e9s nagy megrend\u00fcl\u00e9st okozott sz\u00e1m\u00e1ra hal\u00e1la. Ha tov\u00e1bbi Nyugat-beli szerepl\u00e9s\u00e9t n\u00e9zz\u00fck, kit\u0171nik, hogy p\u00e1ly\u00e1j\u00e1ban is t\u00f6r\u00e9st jelentett ez a tragikus esem\u00e9ny.) Term\u00e9keny \u00e9s nagy munkab\u00edr\u00e1s\u00fa volt, sz\u00e1mos kort\u00e1rs, aktu\u00e1lis m\u0171vet ford\u00edtott le pl. francia nyelvr\u0151l magyarra, \u00e9s nem egyszer kavart vit\u00e1t eredeti gondolatvil\u00e1g\u00fa, a kor nagy szellemi ir\u00e1nyzatait ismertet\u0151 vagy \u00e9ppen kritiz\u00e1l\u00f3 essz\u00e9ivel. R\u00e9szt vett sz\u00e1mos \u00faj, gener\u00e1ci\u00f3s irodalmi f\u00f3rum szerkeszt\u00e9s\u00e9ben is.<\/div>\n<div style=\"text-align: justify;\">De k\u00e9pess\u00e9gei nemcsak a filoz\u00f3fiai, a szellemi, a m\u0171v\u00e9szi teljes\u00edtm\u00e9nyek sokas\u00e1g\u00e1ban, nemcsak az \u00e9rt\u00e9kek felfedez\u00e9s\u00e9ben, nemcsak a p\u00e9ld\u00e1tlan lexik\u00e1lis tud\u00e1sban nyilatkoztak meg. K\u00f6zismert, hogy rendk\u00edv\u00fcli nyelvtehets\u00e9g volt: 4o \u00e9ves kor\u00e1ra az \u00f6sszes \u00e9l\u0151 eur\u00f3pai nyelvet \u00edrta-olvasta, besz\u00e9lte, hasonl\u00f3k\u00e9ppen az eur\u00f3pai kult\u00fara megismer\u00e9s\u00e9hez sz\u00fcks\u00e9ges holt nyelveket is, a h\u00e9bert\u0151l (az egyetemen hebraisztik\u00e1t is tanult) a g\u00f6r\u00f6gig, latinig \u00e9s tov\u00e1bb. \u00c1ltal\u00e1ban eredeti nyelven olvasta a kort\u00e1rsakat \u00e9s persze a klasszikusokat is.<\/div>\n<div style=\"text-align: justify;\">K\u00fcl\u00f6nleges mem\u00f3ri\u00e1ja volt: az agya lef\u00e9nyk\u00e9pezte a l\u00e1tott sz\u00f6veget. Ezt az adotts\u00e1got a pszichi\u00e1tria betegs\u00e9gk\u00e9nt tartja sz\u00e1mon. Galsai Pongr\u00e1c, aki P\u00e9csett szint\u00e9n tan\u00edtv\u00e1nya volt, meg\u00edrta a V\u00e1rkonyi Eml\u00e9kk\u00f6nyvben, hogy ha r\u00e1n\u00e9zett egy oldal s\u0171r\u0171n nyomtatott sz\u00f6vegre, r\u00f6vid r\u00f6gz\u00edt\u00e9s ut\u00e1n fejb\u0151l pontosan el tudta mondani azt. R\u00e1ad\u00e1sul m\u00e9g egy h\u00f3nap m\u00falva is bet\u0171re pontosan eml\u00e9kezett a \u201elef\u00e9nyk\u00e9pezett\u201d sz\u00f6vegre. Tal\u00e1n ez a k\u00fcl\u00f6nleges adotts\u00e1ga is okozta, hogy ha nem v\u00e9gzett szellemi munk\u00e1t, ha nem \u00edrt, \u00fagy \u00e9rezte, hogy &#8222;d\u00f6r\u00f6mb\u00f6lnek a fej\u00e9ben&#8221;, hogy valami sz\u00e9t akarja fesz\u00edteni a k\u00e9t hal\u00e1nt\u00e9k\u00e1t. Ki kellett \u00edrnia mag\u00e1b\u00f3l a gondolatokat.<\/div>\n<div style=\"text-align: justify;\">Sors\u00e1nak k\u00fcl\u00f6n\u00f6s keresztje, hogy 192o-ban teljesen megs\u00fcket\u00fclt. 1914-ben, az els\u0151 vil\u00e1gh\u00e1bor\u00fa kit\u00f6r\u00e9sekor els\u0151 \u00e9ves egyetemista volt. 1916-ban, ahogy a <em>Perg\u0151 \u00e9vek<\/em> c. \u00f6n\u00e9letrajzi reg\u00e9ny\u00e9ben \u00edrja, &#8222;ber\u00e1ntott\u00e1k&#8221; a hadseregbe, s ott r\u00f6vid id\u0151n bel\u00fcl egy olyan fert\u0151z\u00e9ses k\u00f6z\u00e9pf\u00fclt\u0151-gyullad\u00e1st kapott, aminek k\u00f6vetkezt\u00e9ben m\u00e1r akkor egyik f\u00fcl\u00e9re megs\u00fcket\u00fclt. Ez is oka volt, hogy 1917-ben leszerelt\u00e9k, b\u00e1r t\u00fcd\u0151v\u00e9sszel is megfert\u0151z\u0151d\u00f6tt ezekben a h\u00e1bor\u00fas h\u00f3napokban. 192o-ban v\u00e1ratlanul, egyik pillanatr\u00f3l a m\u00e1sikra eln\u00e9mult k\u00f6r\u00fcl\u00f6tte a vil\u00e1g. Egyszer azt mondta egyik ismer\u0151s\u00e9nek: \u201eH\u00e1la Istennek, megs\u00fckelt\u00fcltem.\u201d S a k\u00e9rd\u00e9sre, hogy mi\u00e9rt h\u00e1la Istennek, mi\u00e9rt szerencse ez? &#8211; azt felelte V\u00e1rkonyi: Ha nem s\u00fcket\u00fcl\u00f6k meg, m\u00e9g jobban sz\u00e9tapr\u00f3ztam volna magamat, nem tudtam volna m\u00e9g ennyire sem az \u00e9letm\u0171vemre, az irodalmi munk\u00e1ss\u00e1gomra koncentr\u00e1lni.<\/div>\n<div style=\"text-align: justify;\">1924-t\u0151l\u00a0 P\u00e9csett egyetemi tan\u00e1rk\u00e9nt \u00e9s az egyetemi k\u00f6nyvt\u00e1r k\u00f6nyvt\u00e1rosak\u00e9nt dolgozik. Itt is \u00edr\u00f3gener\u00e1ci\u00f3k sor\u00e1val tal\u00e1lkozik, mondhatni, \u00edr\u00f3gener\u00e1ci\u00f3k sor\u00e1t ind\u00edtja el p\u00e1ly\u00e1j\u00e1n We\u00f6res S\u00e1ndort\u00f3l kezdve Csorba Gy\u0151z\u0151n, G\u00e1sp\u00e1r Margiton, Tatay S\u00e1ndoron \u00e9s m\u00e1sokon \u00e1t eg\u00e9sz M\u00e9sz\u00f6ly Mikl\u00f3sig.<\/div>\n<div style=\"text-align: justify;\">1941-ben, tiltakoz\u00e1sul a hitleri \u201eOstmark-program\u201d ellen, amelynek P\u00e9csett volt a k\u00f6zpontja, \u00e9s amely a Dun\u00e1nt\u00fal elgerm\u00e1nos\u00edt\u00e1s\u00e1t \u00e9s a n\u00e9met birodalomba val\u00f3 beolvaszt\u00e1s\u00e1t t\u0171zte ki c\u00e9lul, P\u00e9cs v\u00e1ros akkori vezet\u0151i \u00e9s \u00e9rtelmis\u00e9ge sz\u00fcks\u00e9g\u00e9t \u00e9rezte, hogy \u00fatj\u00e1ra ind\u00edtson egy magyar kultur\u00e1lis foly\u00f3iratot. A <em>Sorsunk<\/em>, amely a Janus Pannonius T\u00e1rsas\u00e1g \u00e9gisze alatt, V\u00e1rkonyi N\u00e1ndor f\u0151szerkeszt\u00e9s\u00e9vel Hitler nagyszab\u00e1s\u00fa politikai hadm\u0171velet\u00e9nek k\u00edv\u00e1nt ellentmondani, hamarosan a magyar szellemi \u00e9let fontos f\u00f3ruma lett, amely 1948-ig folyamatosan megjelent. Furcsa m\u00f3don k\u00e9s\u0151bb emiatt a nyilas-hatalommal val\u00f3 egy\u00fcttm\u0171k\u00f6d\u00e9ssel v\u00e1dolt\u00e1k meg a lapot, \u00e9s V\u00e1rkonyit is, mondv\u00e1n, hogy a <em>Sorsunk<\/em>at a nyilas korm\u00e1ny megt\u0171rte, m\u00edg a t\u00f6bbi irodalmi lapot sorra betiltotta. Pedig a <em>Sorsunk<\/em>megjelen\u00e9se kiz\u00e1r\u00f3lag annak a szerencs\u00e9nek volt betudhat\u00f3, hogy We\u00f6res S\u00e1ndor, a lap egyik alap\u00edt\u00f3ja \u00e9s \u00e1lland\u00f3 munkat\u00e1rsa, v\u00e9letlen\u00fcl \u2013 nincsenek v\u00e9letlenek, persze \u2013 az akkori p\u00e9csi alpolg\u00e1rmesternek, Blaskovich Mih\u00e1lynak az unoka\u00f6ccse volt. \u00cdgy azokban az id\u0151kben a v\u00e1ros adott h\u00f3napr\u00f3l h\u00f3napra enged\u00e9lyt a foly\u00f3irat megjelen\u00e9s\u00e9re. Enged\u00e9lyezte, hogy megsz\u00f3laljon a magyar irodalom hangja eg\u00e9szen 1948-ig.<\/div>\n<div style=\"text-align: justify;\">Ekkor azonban megt\u00f6rt\u00e9nt V\u00e1rkonyi N\u00e1ndorral is az, ami az akkori \u00edr\u00f3gener\u00e1ci\u00f3k legjobbjaival rendre megt\u00f6rt\u00e9nt: ism\u00e9t &#8211; de ez\u00fattal m\u00e1s dimenzi\u00f3ban &#8211; eln\u00e9mult k\u00f6r\u00fcl\u00f6tte a vil\u00e1g. Kiiktatt\u00e1k \u0151t a magyar irodalmi \u00e9letb\u0151l, s ez a kiiktat\u00e1s olyan sikeres volt, hogy 1994-ben, amikor elkezdt\u00fck \u00fajra kiadni m\u0171veit ill. kiadni h\u00e9tezer k\u00e9ziratoldalas \u00edr\u00f3i hagyat\u00e9k\u00e1t, ami soha nem jelent meg azel\u0151tt, a \u201eszakma\u201d l\u00e1tatlanban elutas\u00edt\u00f3 hozz\u00e1\u00e1ll\u00e1sa, a fiatalabb gener\u00e1ci\u00f3k r\u00e9sz\u00e9r\u0151l pedig a teljes ismeretlens\u00e9g fogadta. Ezen m\u00e9g a <em>Sziriat oszlopai<\/em> hetvenes \u00e9vekbeli k\u00e9t kiad\u00e1s\u00e1nak eml\u00e9ke sem enyh\u00edtett sokat.<\/div>\n<div style=\"text-align: justify;\">Ha megn\u00e9zz\u00fck, hogy milyen eszk\u00f6z\u00f6kkel t\u00f6rt\u00e9nt egy ilyen, m\u00e9lyen a magyar szellemi-, irodalmi \u00e9letbe be\u00e1gyaz\u00f3dott szem\u00e9lyis\u00e9gnek, egy ilyen hatalmas tehets\u00e9g\u0171, sokakat mag\u00e1hoz vonz\u00f3 embernek a kiiktat\u00e1sa, aki r\u00e1ad\u00e1sul mind irodalomt\u00f6rt\u00e9neteivel, mind <em>Sziriat oszlopai<\/em> (1941, 1942) c\u00edm\u0171 kult\u00fart\u00f6rt\u00e9neti munk\u00e1j\u00e1val az olvas\u00f3k sz\u00e9les t\u00e1bor\u00e1t is megh\u00f3d\u00edtotta, akkor r\u00e1bukkanunk a t\u00f6bb\u00e9-kev\u00e9sb\u00e9 mindannyiunk \u00e1ltal ismert, \u00e1t\u00e9lt politikai hecckamp\u00e1nyokra \u00e9s hatalmi manipul\u00e1ci\u00f3kra. Ezek term\u00e9szetesen nagyon sokf\u00e9l\u00e9k, az \u00fatban l\u00e9v\u0151 szem\u00e9ly ny\u00edlt, m\u00e1skor titkos likvid\u00e1l\u00e1s\u00e1t\u00f3l, beb\u00f6rt\u00f6nz\u00e9s\u00e9t\u0151l a keny\u00e9rkeres\u0151 foglalkoz\u00e1s\u00e1b\u00f3l val\u00f3 elbocs\u00e1t\u00e1s\u00e1ig, anyagi javainak elkobz\u00e1s\u00e1t\u00f3l a csal\u00e1dj\u00e1val val\u00f3 megzsarol\u00e1s\u00e1ig terjed \u00e9s tov\u00e1bb. A sajt\u00f3 \u00e1ltal ind\u00edtott r\u00e1galomhadj\u00e1rat &#8211; eset\u00fcnkben is -, de t\u00e1gabban tekintve is, minden ilyen folyamatnak nagyon fontos r\u00e9sz\u00e9t k\u00e9pezi. Balzac <em>Elveszett ill\u00fazi\u00f3k<\/em> c\u00edm\u0171 reg\u00e9ny\u00e9ben ennek &#8211; tal\u00e1n els\u0151 &#8211; pontos le\u00edr\u00e1s\u00e1t olvashatjuk, mindenkinek aj\u00e1nlom figyelm\u00e9be, mert mai napig azt a m\u00f3dszert haszn\u00e1lj\u00e1k a sajt\u00f3- (\u00e9s m\u00e9dia-) hecckamp\u00e1nyok, amit \u0151 le\u00edr. Mi kell hozz\u00e1? Egy vagy t\u00f6bb c\u00e9lszem\u00e9ly, akiket becs\u00fclet\u00fckt\u0151l, szakmai el\u0151menetel\u00fckt\u0151l, t\u00e1rsadalmi cselekv\u0151 k\u00e9pess\u00e9g\u00fckt\u0151l meg akarunk fosztani, kell hozz\u00e1 j\u00f3 p\u00e1r ugr\u00e1sra k\u00e9sz, egy k\u00e9zb\u0151l etetett \u00e9s p\u00e9nz\u00e9rt mindenre kaphat\u00f3 sajt\u00f3org\u00e1num, \u00e9s kell, term\u00e9szetesen egy kell\u0151k\u00e9pp hisz\u00e9keny, minden \u00faj inform\u00e1ci\u00f3n gyanakv\u00e1s n\u00e9lk\u00fcl, kritik\u00e1tlanul kapva-kap\u00f3 t\u00e1rsadalom. Mikl\u00f3ssy Endre id\u00e9zte Hamvas B\u00e9la zseni\u00e1lis elbesz\u00e9l\u00e9s\u00e9t: Amikor egy v\u00e1ndor idegen vid\u00e9kre \u00e9rkezv\u00e9n megk\u00e9rdezi az ott \u00e9l\u0151kt\u0151l, hogy most ott \u00e9ppen mit hazudnak? Mit kell hazudni? A magyar t\u00e1rsadalom tagjai, sajnos, sokszor nem teszik fel ezt az \u00e9lettapasztalatr\u00f3l tan\u00faskod\u00f3 k\u00e9rd\u00e9st. Nem tudn\u00e1nk, hogy fel kell tenni? Elhissz\u00fck, amit el akarnak hitetni vel\u00fcnk, mondv\u00e1n, hogyha minden \u00fajs\u00e1g, r\u00e1di\u00f3, t\u00e9v\u00e9 ugyanazt harsogja, akkor az biztos igaz? Kell ez a hisz\u00e9kenys\u00e9g a r\u00e1galomhadj\u00e1ratok eredm\u00e9nyess\u00e9g\u00e9hez, \u00e9s kell a m\u00e1sok bajba jut\u00e1sa feletti k\u00e1r\u00f6r\u00f6m is. Teh\u00e1t kell a meggyeng\u00fclt t\u00e1rsadalmi koh\u00e9zi\u00f3, hogy ne azonosuljak a bajba jutottal, m\u00e9g ha hozz\u00e1m tartoz\u00f3 is, hanem elhat\u00e1rol\u00f3djam t\u0151le.<\/div>\n<div style=\"text-align: justify;\">\u00c9s mit szok\u00e1s r\u00e1galomk\u00e9nt a kip\u00e9c\u00e9zett fej\u00e9re sz\u00f3rni? Az irodalom, a szellem vil\u00e1g\u00e1ban \u00e1ltal\u00e1ban k\u00e9t dolgot: az egyiket hangosan, a m\u00e1sikat az \u00fagy nevezett &#8222;suttog\u00f3 propaganda&#8221; seg\u00edts\u00e9g\u00e9vel. Hangosan, rossz esetben azt, hogy politikailag \u00e1rtalmas \u00e9s vesz\u00e9lyes, enyh\u00e9bb esetben, hogy felel\u0151tlen, hogy nem tartozik a politikai progresszi\u00f3hoz. Kor\u00e1bban azt mondt\u00e1k, hogy a n\u00e9p ellens\u00e9ge, a kizs\u00e1km\u00e1nyol\u00e1s h\u00edve, nacionalista, irrendenta, reakci\u00f3s, klerik\u00e1lis, s\u0151t klerik\u00e1lis reakci\u00f3s, \u00e9s m\u00e9g mit tudom \u00e9n, mi minden.<\/div>\n<div style=\"text-align: justify;\">A suttog\u00f3 propaganda pedig azt h\u00edrlelte \u00e9pp oly intenz\u00edven: \u201eNem igaz ugyan az a sok minden, amit mondanak r\u00f3la, hogy reaki\u00f3s, hogy ellens\u00e9ges, meg hogy vesz\u00e9lyes lenne. De az biztos, hogy t\u00f6k\u00e9letesen tehets\u00e9gtelen, a m\u0171vei rosszak, nem \u00e9rdemes foglalkozni vele. Nem vetted \u00e9szre? Idej\u00e9t m\u00falt, unalmas, egy eszt\u00e9tikailag \u00e9rt\u00e9kelhet\u0151 sora nincs&#8230;\u201d A m\u0171v\u00e9szvil\u00e1gban, a szellemi \u00e9letben ez a k\u00e9t eszk\u00f6z egy\u00fcttesen nagyon sokra megy. De persze ez csak az el\u0151t\u0171z, nem maradnak ennyiben a dolgok.<\/div>\n<div style=\"text-align: justify;\">Hallottunk a k\u00f6nyvt\u00e1raknak a szocialista orsz\u00e1gokban, k\u00f6zt\u00fck Magyarorsz\u00e1gon 1946-53 k\u00f6z\u00f6tt megt\u00f6rt\u00e9nt &#8222;kiselejtez\u00e9s\u00e9r\u0151l&#8221;. Ugyanez a Szovjetuni\u00f3ban m\u00e1r a h\u00faszas \u2013 harmincas \u00e9vekben lezajlott. A vil\u00e1gt\u00f6rt\u00e9nelem legnagyobb, szervezett k\u00f6nyvpuszt\u00edt\u00e1sa. Ebb\u0151l a folyamatb\u00f3l Magyarorsz\u00e1g is j\u00f3csk\u00e1n kivette a r\u00e9sz\u00e9t, mint Sipos Anna Magdolna meg\u00edrta: k\u00f6r\u00fclbel\u00fcl h\u00faszezer c\u00edmet (azaz t\u00f6bb milli\u00f3 k\u00f6tetet) \u00a0selejteztek ki orsz\u00e1gszerte. K\u00f6nyvt\u00e1rosokat, di\u00e1kokat, tan\u00e1rokat, hivatalnokokat, &#8222;egyszer\u0171 p\u00e1rttagokat&#8221; mozg\u00f3s\u00edtottak az \u00fcgy \u00e9rdek\u00e9ben, \u00e9s teheraut\u00f3kon hordt\u00e1k a rengeteg k\u00f6nyvet a z\u00fazd\u00e1kba.<\/div>\n<div style=\"text-align: justify;\">Z\u00e1r\u00f3jelben: k\u00e9pzelj\u00fck el a p\u00e9csi egyetemi k\u00f6nyvt\u00e1r k\u00f6nyvt\u00e1ros\u00e1t, V\u00e1rkonyi N\u00e1ndort, a mindk\u00e9t f\u00fcl\u00e9re s\u00fcket, k\u00edv\u00e1l\u00f3 \u00edr\u00f3t, kult\u00farhist\u00f3rikust \u00e9s b\u00f6lcsel\u0151t, amint \u00e9jszaka a v\u00e1ros k\u00f6zpontj\u00e1b\u00f3l tolja haza nyolc kilom\u00e9teren \u00e1t r\u00e1cv\u00e1rosi lak\u00e1s\u00e1ba letakart babakocsiban a p\u00e9csi egyetemi k\u00f6nyvt\u00e1rb\u00f3l a kiselejtez\u00e9sre, elpuszt\u00edt\u00e1sra \u00edt\u00e9lt legfontosabb k\u00f6teteket. Mit kock\u00e1ztatott akkor ezzel? Ezt tal\u00e1n ma is tudja mindenki. Hiszen az \u00edr\u00f3k t\u00e1rsadalomb\u00f3l val\u00f3 kiiktat\u00e1s\u00e1nak csak az egyik m\u00f3dszere volt, hogy a munk\u00e1ikat indexre tett\u00e9k, kivont\u00e1k a forgalomb\u00f3l, \u00e9s t\u00f6bbet nem adt\u00e1k ki. A szilenciumon, az elhallgattat\u00e1son, a lej\u00e1rat\u00f3-hadj\u00e1raton t\u00fal, ami az erk\u00f6lcsi \u00e9s szakmai megsemmis\u00edt\u00e9s\u00e9t biztos\u00edtotta, sok egy\u00e9b m\u00f3dszer is volt. Tudjuk, hogy m\u00e1sokhoz hasonl\u00f3an nem egy \u00edr\u00f3t is elvitt \u00e9jszaka az \u00c1V\u00d3: vallatt\u00e1k, megk\u00ednozt\u00e1k, b\u00f6rt\u00f6nbe z\u00e1rt\u00e1k vagy intern\u00e1lt\u00e1k \u0151ket Kistarcs\u00e1ra vagy a megsemmis\u00edt\u0151 t\u00e1borba, Recskre. (1956 ut\u00e1n megint t\u00f6bb \u00edr\u00f3nemzed\u00e9k ker\u00fclt valamilyen m\u00f3don a b\u00fcntet\u0151int\u00e9zm\u00e9nyek l\u00e1t\u00f3k\u00f6r\u00e9be.) Teh\u00e1t nagyon sokat kock\u00e1ztatott V\u00e1rkonyi, amikor az elpuszt\u00edt\u00e1sra \u00edt\u00e9lt szellemi \u00e9rt\u00e9kek megment\u00e9se \u00e9rdek\u00e9ben szembeszeg\u00fclt a politikai akarattal.<\/div>\n<div style=\"text-align: justify;\">De ha m\u00e1r, h\u00e1t nem is ez a legm\u00f3k\u00e1sabb ebben a t\u00f6rt\u00e9netben. Hanem az, hogy milyen sok\u00e1ra \u00e9s milyen nehezen siker\u00fclt ezeknek a k\u00f6nyveknek visszajutniuk a rendszerv\u00e1lt\u00e1s ut\u00e1n is a k\u00f6nyvt\u00e1ri strukt\u00far\u00e1ba. V\u00e9g\u00fcl 2012 tavasz\u00e1n siker\u00fclt, amikor a P\u00e9csi V\u00e1rosi K\u00f6nyvt\u00e1r egyik helyis\u00e9g\u00e9ben megny\u00edlt V\u00e1rkonyi N\u00e1ndor eml\u00e9kszob\u00e1ja \u00e9s elhelyez\u00e9st nyert benne \u00e9rt\u00e9kes k\u00f6nyvgy\u0171jtem\u00e9nye, miut\u00e1n az illet\u00e9kes k\u00f6nyvt\u00e1ri vezet\u0151 felvil\u00e1gos\u00edt\u00e1st nyert arr\u00f3l, hogy egy\u00e1ltal\u00e1n ki is az a V\u00e1rkonyi N\u00e1ndor. P\u00e9csett! Dics\u00e9ret\u00e9re legyen mondva, hogy nem g\u00f6rd\u00edtett akad\u00e1lyt, \u00e9s \u00edgy megny\u00edlhatott V\u00e1rkonyi N\u00e1ndor eml\u00e9kszob\u00e1ja, \u00e9s annak k\u00f6nyvespolcaira felker\u00fcltek azok a k\u00f6nyvek is, amelyeket \u0151 mentett meg a bez\u00faz\u00e1st\u00f3l hatvan \u00e9vvel azel\u0151tt.<\/div>\n<div style=\"text-align: justify;\">A teljes kult\u00farav\u00e1lt\u00e1s sz\u00e1nd\u00e9ka ismert volt, mert a Szovjetuni\u00f3ban ez a kult\u00farav\u00e1lt\u00e1s az 192o-as \u00e9vekt\u0151l kezd\u0151d\u0151en megt\u00f6rt\u00e9nt. V\u00e1rkonyi tudta, hogy ebben a politikai rendszerben ez elker\u00fclhetetlen. J\u00f3l ismerte \u00e9s pontosan \u00edrta meg t\u00f6bbek k\u00f6z\u00f6tt az &#8221; okt\u00f3beri puccsnak&#8221; is elborzaszt\u00f3, g\u00e1tl\u00e1stalan er\u0151szakoss\u00e1g\u00e1t nagy munk\u00e1j\u00e1ban, <em>Az \u00f6t\u00f6dik ember<\/em>ben. Teh\u00e1t tudta, hogy v\u00e9rre megy a j\u00e1t\u00e9k, m\u00e9gis a maga eszk\u00f6zeivel, a maga szem\u00e9lyis\u00e9g\u00e9vel akad\u00e1lyt pr\u00f3b\u00e1lt \u00e1ll\u00edtani a barb\u00e1rs\u00e1g \u00fatj\u00e1ba.<\/div>\n<div style=\"text-align: justify;\">Egy r\u00f6vid id\u00e9zet seg\u00edts\u00e9g\u00e9vel szeretn\u00e9m \u00e9rz\u00e9keltetni azt az \u00e1llapotot, amelybe a szerkeszt\u0151i munk\u00e1t\u00f3l \u00e9s a publik\u00e1l\u00e1s lehet\u0151s\u00e9g\u00e9t\u0151l megfosztott, politikailag megb\u00e9lyegzett, szakmailag megsemmis\u00edtett V\u00e1rkonyi N\u00e1ndor ker\u00fclt. \u00c9rz\u00e9kletesen \u00f6r\u00f6k\u00edtette meg az eltilt\u00e1s ut\u00e1n be\u00e1ll\u00f3 szem\u00e9lyis\u00e9g\u00e1llapotot a <em>Perg\u0151 \u00e9vek<\/em>ben. A vil\u00e1gh\u00e1bor\u00fa idej\u00e9n, amikor besorozt\u00e1k katon\u00e1nak, utol\u00e9rte \u0151t egyfajta depresszi\u00f3. Erre hivatkozik az id\u00e9zet elej\u00e9n: \u201eEnnek a k\u00f3rs\u00e1gnak az igazi term\u00e9szete harminc \u00e9v m\u00falva vil\u00e1gosodott meg el\u0151ttem. 1948 ut\u00e1n Kodol\u00e1nyi J\u00e1nost \u00e9s engem feketelist\u00e1ra tettek, eln\u00e9m\u00edtottak. A k\u00e9nyszer\u0171 t\u00e9tlens\u00e9gben kezdtem olyanszer\u0171 t\u00fcneteket \u00e9szlelni magamon, mint amit katona koromban, s hasonl\u00f3kat figyeltem meg J\u00e1noson gyakori \u00e9s hosszas egy\u00fcttl\u00e9teink alatt. R\u00e9gi eml\u00e9keim alapj\u00e1n dr\u00f3ts\u00f6v\u00e9ny-betegs\u00e9gnek mondtam \u00e1llapotunkat, de ez a diagn\u00f3zis csak hasonlatk\u00e9ppen volt helyt\u00e1ll\u00f3, hiszen fizikailag elvileg szabadon mozoghattunk. Megtudtuk, hogy h\u00e1rom dimenzi\u00f3 nem el\u00e9g. Val\u00f3j\u00e1ban az t\u00f6rt\u00e9nt, hogy kiest\u00fcnk a t\u00e9r-id\u0151 kontinuumb\u00f3l. Az id\u0151 \u00e1llt f\u00f6l\u00f6tt\u00fcnk, megs\u0171r\u0171s\u00f6d\u00f6tt, pszich\u00e9nkre a b\u00fav\u00e1rharang fojt\u00f3 l\u00e9gnyom\u00e1sa nehezedett. Ennek ismeret\u00e9ben nem volt neh\u00e9z er\u00e9lyes \u00e9s eredm\u00e9nyes gy\u00f3gym\u00f3dot konstru\u00e1lnunk. A legfontosabb, hogy ilyenkor az ember meg\u00e1llap\u00edtsa egy\u00e9ni t\u00e9r-idej\u00e9t s ennek relativit\u00e1s\u00e1t, rel\u00e1ci\u00f3j\u00e1t a k\u00f6rnyezet\u00e9hez. \u201d<\/div>\n<div style=\"text-align: justify;\">Ennek az er\u00e9lyes \u00e9s eredm\u00e9nyes gy\u00f3gym\u00f3dnak k\u00f6sz\u00f6nhet\u0151, hogy az elhallgattat\u00e1s \u00e9veiben mind V\u00e1rkonyi N\u00e1ndor, mind Kodol\u00e1nyi J\u00e1nos nagy l\u00e9pt\u00e9k\u0171 \u00e9s terjedelm\u0171 \u00e9letm\u0171vet hozott l\u00e9tre. Teh\u00e1t ahogy a politikai hatalom kidolgozta \u00e9s bevetette a maga szocio-technik\u00e1it \u00fcld\u00f6z\u00f6ttei ellen, hasonl\u00f3k\u00e9ppen az olyan \u00fcld\u00f6z\u00f6ttek is, mint V\u00e1rkonyi \u00e9s Kodol\u00e1nyi, felm\u00e9rt\u00e9k a helyzet\u00fcket, \u00e9s megalkott\u00e1k a maguk k\u00fcl\u00f6n vil\u00e1g\u00e1t, k\u00fcl\u00f6n t\u00e9r-id\u0151 val\u00f3s\u00e1g\u00e1t, \u00e9s dolgozni tudtak \u00e9letm\u0171v\u00fck kiteljes\u00edt\u00e9s\u00e9n. Megk\u00e9rdeztem egyszer dr. V\u00e1rkonyi P\u00e9tert\u0151l, V\u00e1rkonyi N\u00e1ndor fi\u00e1t\u00f3l \u00e9s hagyat\u00e9ka gondoz\u00f3j\u00e1t\u00f3l, hogy hitt-e vajon abban az \u00e9desapja, hogy ezek a m\u0171vek valaha megjelenhetnek? Hiszen \u00a0<em>Az \u00f6t\u00f6dik ember<\/em>ben p\u00e9ld\u00e1ul\u00a0 t\u00f6bb, mint sz\u00e1z oldalon taglalja Marx K\u00e1roly szerep\u00e9t \u00e9s munk\u00e1ss\u00e1g\u00e1t, a marxizmus l\u00e9trej\u00f6tt\u00e9t, c\u00e9lj\u00e1t stb. \u00c9s ennek a fejezetnek <em>Az antitalentum <\/em>a c\u00edme. Ezt term\u00e9szetesen Marxra \u00e9rtette. \u00c1m V\u00e1rkonyi \u00fagy haszn\u00e1lta ezt a kifejez\u00e9st, ahogy az Antikrisztust szokt\u00e1k emlegetni. Hogy Marx f\u00e9lelmetes talentum volt, csak \u00e9ppen nem az \u00e9p\u00edtkez\u00e9s, hanem a rombol\u00e1s talentuma. Le kell rombolni minden t\u00e1rsadalmi hagyom\u00e1nyt \u00e9s tud\u00e1st, minden t\u00e1rsadalmi k\u00f6z\u00f6ss\u00e9get, minden szellemi \u00e9rt\u00e9ket, amit l\u00e9trehozott od\u00e1ig az emberis\u00e9g, ez a marxizmus l\u00e9nyege. \u201eA m\u00faltat v\u00e9gk\u00e9pp elt\u00f6r\u00f6lni\u201d &#8211; ez kell ahhoz, hogy \u00fagy mond, egy teljesen \u00faj t\u00e1rsadalmi strukt\u00far\u00e1t \u00e9s szellemi k\u00f6zeget lehessen l\u00e9trehozni. R\u00e1ad\u00e1sul nem csak meg\u00edrta istenk\u00eds\u00e9rt\u0151 ny\u00edlts\u00e1ggal V\u00e1rkonyi \u00a0a \u201ekeleti vil\u00e1g alkony\u00e1t\u201d , de k\u00e9zirat\u00e1t elolvas\u00e1sra oda is adta n\u00e9h\u00e1ny tan\u00edtv\u00e1ny\u00e1nak, bar\u00e1tj\u00e1nak. Becs\u00fclet\u00fckre v\u00e1lj\u00e9k, hogy egyik\u00fck sem szaladt vele az \u00e1llamv\u00e9delmi hat\u00f3s\u00e1ghoz. \u00a0\u00a0\u00a0\u00a0\u00a0\u00a0\u00a0\u00a0\u00a0\u00a0\u00a0\u00a0\u00a0\u00a0\u00a0\u00a0\u00a0\u00a0\u00a0\u00a0\u00a0\u00a0\u00a0\u00a0\u00a0\u00a0\u00a0\u00a0\u00a0\u00a0\u00a0\u00a0\u00a0\u00a0\u00a0\u00a0\u00a0\u00a0\u00a0\u00a0\u00a0\u00a0\u00a0\u00a0\u00a0\u00a0\u00a0\u00a0\u00a0\u00a0\u00a0\u00a0 \u00a0 \u00a0 \u00a0 \u00a0 \u00a0\u00a0 V\u00e1rkonyi nagys\u00e1g\u00e1t mutatja, hogy nyugalommal k\u00edv\u00fcl tudott helyezkedni kor\u00e1n. Akkoriban, az \u00f6tvenes, hatvanas \u00e9vekben, ereje telj\u00e9ben volt az \u00fan. szocializmus,\u00a0 l\u00f6v\u00f6ld\u00f6zt\u00e9k fel az \u0171rbe az embereket, a vil\u00e1g egyik els\u0151 katonai hatalma volt a Szovjetuni\u00f3. \u00dagy n\u00e9zett ki, hogy a szocializmus m\u00e9lt\u00f3 versenyt\u00e1rsa a kapitalizmusnak, az imperializmusnak. Hitt-e abban m\u00e9gis V\u00e1rkonyi N\u00e1ndor, hogy van j\u00f6v\u0151, amelyben \u00edr\u00e1sai \u00e9rv\u00e9nyre jutnak, megjelenhetnek?\u00a0 \u00a0\u00a0\u00a0\u00a0\u00a0\u00a0\u00a0\u00a0\u00a0\u00a0\u00a0\u00a0\u00a0\u00a0\u00a0\u00a0\u00a0\u00a0\u00a0\u00a0\u00a0\u00a0\u00a0\u00a0\u00a0\u00a0\u00a0\u00a0\u00a0\u00a0\u00a0\u00a0\u00a0\u00a0\u00a0\u00a0\u00a0\u00a0\u00a0\u00a0\u00a0\u00a0\u00a0\u00a0\u00a0\u00a0\u00a0\u00a0\u00a0\u00a0\u00a0\u00a0 &#8211; Hitt &#8211; volt a v\u00e1lasz. &#8211; Teljesen biztos volt benne. Tudta, hogy a t\u00f6rt\u00e9nelem ura a teremt\u0151 Isten, \u00e9s hogy a legkegyetlenebb hatalom is lehanyatlik egyszer.- \u00c9s h\u00e9tezer k\u00e9ziratoldalt hagyott maga ut\u00e1n egy fal\u00e1d\u00e1ban. A gyermekeire hagyta, miut\u00e1n megeskette \u0151ket, hogy csak akkor adj\u00e1k ki a kez\u00fckb\u0151l, ha val\u00f3ban megv\u00e1ltozott k\u00f6r\u00fcl\u00f6tt\u00fck az a bizonyos t\u00e9r \u00e9s id\u0151, amely a b\u00fav\u00e1rharangj\u00e1t 1948-ban r\u00e1eresztette.<\/div>\n<div style=\"text-align: justify;\">Hal\u00e1la el\u0151tt hat \u00e9vvel elgondolkodtat\u00f3 dolog t\u00f6rt\u00e9nt vele, aminek k\u00f6vetkezt\u00e9ben befejezetlen maradt <em>Az \u00f6t\u00f6dik ember<\/em> hatalmas folyama. Meg\u00edrta a <em>Sarl\u00f3 \u00e9s kalap\u00e1cs<\/em> fejezetet, a szovjet hatalom megsz\u00fclet\u00e9s\u00e9nek t\u00f6rt\u00e9net\u00e9t, de a <em>Horogkereszt \u00e9s vessz\u0151k\u00f6teg<\/em>, a nemzeti szocializmusr\u00f3l \u00e9s a fasizmusr\u00f3l sz\u00f3l\u00f3 r\u00e9sz m\u00e1r nem k\u00e9sz\u00fclt el, csak a v\u00e1zlatpontjai maradtak fenn. Ugyanis v\u00e1ratlan megkeres\u00e9s \u00e9rte V\u00e1rkonyi N\u00e1ndort. Mint eml\u00edtettem, v\u00e9lem\u00e9nyez\u00e9sre t\u00f6bbeknek megmutatta \u00edr\u00e1sait, holott azok, ahogy a hajdani szocialista szerkeszt\u0151s\u00e9gekben mondani szokt\u00e1k: &#8222;rend\u0151r\u00e9rt ki\u00e1ltottak&#8221;. Els\u0151sorban\u00a0 <em>Az \u00f6t\u00f6dik ember <\/em>k\u00e9zirata miatt b\u00e1rmikor perbe foghatt\u00e1k \u00e9s lecsukhatt\u00e1k volna p\u00e9ld\u00e1ul \u201ea t\u00e1rsadalmi rend felforgat\u00e1s\u00e1ra ir\u00e1nyul\u00f3 tev\u00e9kenys\u00e9g\u201d v\u00e1dj\u00e1val. De nem ez t\u00f6rt\u00e9nt. Meggy\u0151z\u0151d\u00e9sem, hogy a mindenki ut\u00e1n szimatol\u00f3 politika tudom\u00e1s\u00e1ra jutott, hogy mindenek ellen\u00e9re, fill\u00e9res gondokkal k\u00fcszk\u00f6dve, nyugd\u00edjasan is munk\u00e1t v\u00e1llalni k\u00e9nyszer\u00fclve, ez az ember m\u00e9gis \u00edr, \u00e9s val\u00f3sz\u00edn\u0171 olyan dolgokat \u00edr, amiket nem kellene, hogy meg\u00edrjanak. \u00c9s \u00fagy d\u00f6nt\u00f6tt,\u00a0 hogy meg kell pr\u00f3b\u00e1lni valahogy leszerelni \u0151t. Megkereste egy nagyon m\u0171velt, nagyon t\u00e1j\u00e9kozott \u2013 ebb\u0151l a szempontb\u00f3l igaz\u00e1n dics\u00e9rend\u0151 &#8211; szerkeszt\u0151, m\u0171vel\u0151d\u00e9st\u00f6rt\u00e9n\u00e9sz, aki akkor a Magvet\u0151 Kiad\u00f3 igazgat\u00f3-helyettese volt. Megkereste azzal, hogy \u0151 kieszk\u00f6z\u00f6lte hirhedt igazgat\u00f3j\u00e1n\u00e1l, hogy megjelenjen \u00fajra V\u00e1rkonyi nevezetes m\u0171ve, a <em>Sziriat oszlopai<\/em>. K\u00e9rik teh\u00e1t a k\u00e9ziratot. Persze, nem gondolt\u00e1k, nem tudt\u00e1k, b\u00e1r lehet az is, hogy gondolt\u00e1k \u00e9s tudt\u00e1k, hogy V\u00e1rkonyi N\u00e1ndor id\u0151k\u00f6zben azt a v\u00e9kony kis k\u00f6nyvet ezern\u00e9l t\u00f6bb oldalas k\u00e9t k\u00f6tett\u00e9 fejlesztette. Az egyik k\u00f6tet<em> Az elveszett Paradicsom<\/em>, amely t\u00f6bb, mint \u00f6tsz\u00e1z oldal, \u00e9s amelyben a <em>Sziriat oszlopai<\/em> els\u0151 v\u00e1ltozat\u00e1nak h\u00e1rom fejezet\u00e9t bontotta ki a szerz\u0151. A m\u00e1sik meg maga a kiteljes\u00edtett, szint\u00e9n t\u00f6bb, mint \u00f6tsz\u00e1z oldalas<em>Sziriat oszlopai<\/em>. V\u00e1rkonyi mind a kett\u0151t beny\u00fajtotta a kiad\u00f3nak. <em>Az elveszett Paradicsom<\/em>ot hamarosan visszakapta, ez a m\u0171 elfogadhatatlan volt az akkori magyar k\u00f6nyvkiad\u00e1s sz\u00e1m\u00e1ra. De a Sziriatra szerz\u0151d\u00e9st k\u00f6t\u00f6ttek, el\u0151leget fizettek, olyat, aminek seg\u00edts\u00e9g\u00e9vel el tudott k\u00f6lt\u00f6zni \u00a0rossz \u00e1llapotban l\u00e9v\u0151 kis r\u00e1cv\u00e1rosi h\u00e1z\u00e1b\u00f3l egy modern panellak\u00e1sba az \u00edr\u00f3. Az id\u0151s embernek, aki feles\u00e9g\u00e9vel egy\u00fctt sok munk\u00e1val, nagy szeg\u00e9nys\u00e9gben \u00e9lt, ez igen komoly lehet\u0151s\u00e9g volt. \u00cdgy maradt, sajnos, befejezetlen <em>Az \u00f6t\u00f6dik ember<\/em>, viszont ennek a fordulatnak k\u00f6sz\u00f6nhetj\u00fck a <em>Perg\u0151 \u00e9vek<\/em>megsz\u00fclet\u00e9s\u00e9t.<\/div>\n<div style=\"text-align: justify;\">A kiad\u00f3ban azt\u00e1n elkezdt\u00e9k olvasni a<em> Sziriat oszlopai<\/em>t. Olvasni \u00e9s kih\u00fazg\u00e1lni. Meg\u00e9rkezett az \u00faj lak\u00e1sba a <em>Sziriat oszlopai<\/em>nak a korrekt\u00far\u00e1ja, amit \u00fagy v\u00e1gott V\u00e1rkonyi N\u00e1ndor a f\u00f6ldh\u00f6z, hogy a t\u00f6bb sz\u00e1z oldal szanasz\u00e9t rep\u00fclt. Azokhoz a kihagy\u00e1sokhoz k\u00e9pest is, amelyekbe m\u00e1r k\u00e9nyszer\u0171 m\u00f3don beleegyezett, drasztikusan megh\u00fazt\u00e1k a k\u00f6nyvet. \u00dagy adtuk ki teh\u00e1t 1994-t\u0151l a V\u00e1rkonyi N\u00e1ndor \u00e9letm\u0171sorozatban \u00fajra a k\u00e9t, hetvenes \u00e9vekben m\u00e1r megjelent k\u00f6tetet, hogy azokat szerkeszt\u0151k\u00e9nt \u00e9n magam n\u00e9ztem \u00f6ssze sorr\u00f3l sorra az eredeti k\u00e9zirattal. A <em>Perg\u0151 \u00e9vek<\/em> \u00e9s a <em>Sziriat oszlopai<\/em> k\u00e9zirat\u00e1nak is t\u00f6bb mint egynegyed\u00e9t kellett vissza\u00edrni. Az \u00e1llt p\u00e9ld\u00e1ul \u00f6n\u00e9letrajzi reg\u00e9ny\u00e9ben, a <em>Perg\u0151 \u00e9vek<\/em>ben, hogy a Pozsony-k\u00f6zeli kis faluban, Stomf\u00e1n, ahol 1919-20-ban a gr\u00f3f K\u00e1rolyi csal\u00e1d gyermekeinek a tan\u00edt\u00f3ja volt, az etnikai ellens\u00e9gesked\u00e9s ismeretlen volt. Ezt csak a csehszlov\u00e1k \u00e1llam megalakul\u00e1sa ut\u00e1n odak\u00fcld\u00f6tt cseh hivatalnokok hozt\u00e1k divatba. Persze, hogy ez a mondat nem ker\u00fclt bele a Magvet\u0151 kiad\u00e1s\u00e1ba. Ahogy az a r\u00e9sz sem, amiben \u00a0felid\u00e9zi, hogy az 1900-as \u00e9vek elej\u00e9n egy nyitrai paptan\u00e1rjuk a k\u00f6z\u00e9piskol\u00e1sok k\u00e9rd\u00e9s\u00e9re v\u00e1laszolva pontr\u00f3l pontra kifejti, hogy mi\u00e9rt \u00e9s miben \u00e9letszer\u00fctlen \u00e9s kivihetetlen a marxizmus \u00e1ltal elk\u00e9pzelt t\u00e1rsadalmi berendezked\u00e9s.<\/div>\n<div style=\"text-align: justify;\">Mindent helyre\u00e1ll\u00edtottam, ami a k\u00e9ziratokban megvolt, de a Magvet\u0151 V\u00e1rkonyi kiadv\u00e1nyaiban nem szerepelt. Azokon a helyeken, amelyeken a k\u00e9ziratban is \u00e1t volt h\u00fazva a sz\u00f6veg \u2013 tal\u00e1n az \u00edr\u00f3 \u00f6ncenz\u00far\u00e1ja vagy a kiad\u00f3val t\u00f6rt\u00e9nt alkuja k\u00f6vetkezt\u00e9ben &#8211; , meg is jel\u00f6ltem, hogy kor\u00e1bban valami\u00e9rt kihagyott sz\u00f6vegekr\u0151l van sz\u00f3. Ezek alapj\u00e1n pedig egy\u00e9rtelm\u0171 \u00e9s nyilv\u00e1nval\u00f3, hogy a kih\u00faz\u00e1sok nem azt szolg\u00e1lt\u00e1k, hogy jobb legyen a m\u0171, hanem azt, hogy valamennyire megfeleljen az ideol\u00f3giai elv\u00e1r\u00e1soknak \u00e9s azoknak a t\u00f6rt\u00e9nelmi hazugs\u00e1goknak, amelyeket mindenkinek k\u00f6telez\u0151 volt elhinni. Ne tan\u00faskodj\u00e9k m\u00e1sr\u00f3l senki. \u00c9s hogy olykor nemcsak megh\u00fazt\u00e1k, hanem ha \u00fagy tartott\u00e1k j\u00f3nak, bele is \u00edrtak a k\u00e9ziratokba, arra a <em>Perg\u0151 \u00e9vek<\/em> esete a bizony\u00edt\u00e9k. Az eredeti k\u00e9ziratb\u00f3l a megjelent v\u00e1ltozat k\u00e9t-h\u00e1rom bekezd\u00e9se hi\u00e1nyzott. K\u00e9t-h\u00e1rom bekezd\u00e9s, amelyek az els\u0151 vil\u00e1gh\u00e1bor\u00fa egyes esem\u00e9nyeire vonatkoz\u00f3, meglehet\u0151sen sematikus t\u00f6rt\u00e9nelmi magyar\u00e1zatot tartalmaznak. V\u00e1rkonyi N\u00e1ndor nagyon prec\u00edzen \u00f6sszerendezte h\u00e1trahagyott \u00edr\u00e1sait, de hi\u00e1ba kerestem, ezek a bekezd\u00e9sek nem szerepeltek sehol. Teh\u00e1t k\u00e9retlen t\u00e1rsszerz\u0151je is volt olykor az akkoriban publik\u00e1lt m\u0171veknek. (Itt ez az\u00e9rt is megt\u00f6rt\u00e9nhetett, mert a <em>Perg\u0151 \u00e9vek<\/em> m\u00e1r az \u00edr\u00f3 hal\u00e1la ut\u00e1n jelent meg. A Kodol\u00e1nyi J\u00e1nosr\u00f3l sz\u00f3l\u00f3 fejezet \u00edr\u00e1sa k\u00f6zben lett rosszul, \u00e9s kev\u00e9ssel k\u00e9s\u0151bb, 1975. m\u00e1rcius 11-\u00e9n sz\u00edvinfarktusban meghalt V\u00e1rkonyi.)<\/div>\n<div style=\"text-align: justify;\">Mindenkinek sz\u00edvb\u0151l aj\u00e1nlom V\u00e1rkonyi N\u00e1ndor m\u0171veit, b\u00e1r t\u00f6bbnyire ma sem k\u00f6nny\u0171 beszerezni \u0151ket. <em>Az \u00f6t\u00f6dik ember<\/em> h\u00e1rom k\u00f6tete, a<em>Var\u00e1zstudom\u00e1ny<\/em>, a <em>Sziriat oszlopai <\/em>\u00e9s <em>Az \u00edr\u00e1s- \u00e9s a k\u00f6nyv t\u00f6rt\u00e9nete<\/em>marad\u00e9ktalanul elfogyott. Nem a k\u00f6nyvt\u00e1rak v\u00e1s\u00e1rolt\u00e1k meg \u0151ket, h\u00fasz-harminc p\u00e9ld\u00e1nyn\u00e1l t\u00f6bbet nem vettek meg, \u00e9s sajnos, azokat sem tartj\u00e1k polcon. A sz\u00e9les olvas\u00f3k\u00f6z\u00f6ns\u00e9g vette meg az eddig tizenegy vastag k\u00f6tetb\u0151l \u00e1ll\u00f3 \u00e9letm\u0171sorozat egyenk\u00e9nt ezer-ezer\u00f6tsz\u00e1z p\u00e9ld\u00e1ny\u00e1t, \u00e9s ma is hossz\u00fa el\u0151jegyz\u00e9si list\u00e1k vannak r\u00e1juk az antikv\u00e1riumokban.<\/div>\n<div style=\"text-align: justify;\">Szinte naponta megk\u00e9rdezik t\u0151lem, mikor adjuk ki \u00fajra ezeket a k\u00f6nyveket? P\u00e9nz k\u00e9rd\u00e9se az eg\u00e9sz: j\u00f3 n\u00e9h\u00e1ny milli\u00f3cska &#8211; t\u00e1mogat\u00e1s &#8211; hi\u00e1nyzik ahhoz, hogy folyamatosan \u201epiacon tartsuk\u201d \u0151ket. A nagy terjedelm\u0171, ig\u00e9nyes kivitel\u0171 k\u00f6tetekb\u0151l legal\u00e1bb h\u00e1rom-n\u00e9gy ezret kellene &#8211; megfelel\u0151 h\u00edrver\u00e9ssel \u2013 megjelentetni ahhoz, hogy a k\u00f6nyvek \u00e1rban is versenyk\u00e9pesek legyenek. Ekkora befektet\u00e9shez sajnos egyel\u0151re nincs elegend\u0151 p\u00e9nze a Sz\u00e9phalom K\u00f6nyvm\u0171helynek.<\/div>\n","protected":false},"excerpt":{"rendered":"<p>V\u00e1rkonyi N\u00e1ndor kiiktat\u00e1sa a magyar irodalmi \u00e9s kultur\u00e1lis k\u00f6ztudatb\u00f3l az elm\u00falt 60 esztend\u0151 kult\u00farpolitik\u00e1j\u00e1nak igen komoly teljes\u00edtm\u00e9nye. V\u00e1rkonyi N\u00e1ndor 52 \u00e9ves volt 1948-ban, amikor az eln\u00e9m\u00edt\u00e1s sors\u00e1ra jutott, \u00e9s sokr\u00e9t\u0171, f\u00e1radhatatlan munk\u00e1ss\u00e1ga r\u00e9v\u00e9n a magyar irodalom k\u00fcl\u00f6nb\u00f6z\u0151 gener\u00e1ci\u00f3inak igen sok&#8230;<\/p>\n","protected":false},"author":1,"featured_media":0,"comment_status":"closed","ping_status":"closed","sticky":false,"template":"","format":"standard","meta":{"footnotes":""},"categories":[1],"tags":[],"class_list":["post-3977","post","type-post","status-publish","format-standard","hentry","category-hirek"],"_links":{"self":[{"href":"https:\/\/tokajiirotabor.hu\/irotabor_archiv\/wp-json\/wp\/v2\/posts\/3977"}],"collection":[{"href":"https:\/\/tokajiirotabor.hu\/irotabor_archiv\/wp-json\/wp\/v2\/posts"}],"about":[{"href":"https:\/\/tokajiirotabor.hu\/irotabor_archiv\/wp-json\/wp\/v2\/types\/post"}],"author":[{"embeddable":true,"href":"https:\/\/tokajiirotabor.hu\/irotabor_archiv\/wp-json\/wp\/v2\/users\/1"}],"replies":[{"embeddable":true,"href":"https:\/\/tokajiirotabor.hu\/irotabor_archiv\/wp-json\/wp\/v2\/comments?post=3977"}],"version-history":[{"count":1,"href":"https:\/\/tokajiirotabor.hu\/irotabor_archiv\/wp-json\/wp\/v2\/posts\/3977\/revisions"}],"predecessor-version":[{"id":3978,"href":"https:\/\/tokajiirotabor.hu\/irotabor_archiv\/wp-json\/wp\/v2\/posts\/3977\/revisions\/3978"}],"wp:attachment":[{"href":"https:\/\/tokajiirotabor.hu\/irotabor_archiv\/wp-json\/wp\/v2\/media?parent=3977"}],"wp:term":[{"taxonomy":"category","embeddable":true,"href":"https:\/\/tokajiirotabor.hu\/irotabor_archiv\/wp-json\/wp\/v2\/categories?post=3977"},{"taxonomy":"post_tag","embeddable":true,"href":"https:\/\/tokajiirotabor.hu\/irotabor_archiv\/wp-json\/wp\/v2\/tags?post=3977"}],"curies":[{"name":"wp","href":"https:\/\/api.w.org\/{rel}","templated":true}]}}