{"id":3975,"date":"2013-01-15T12:29:40","date_gmt":"2013-01-15T11:29:40","guid":{"rendered":"http:\/\/www.tokajiirotabor.hu\/?p=3975"},"modified":"2016-06-22T12:32:22","modified_gmt":"2016-06-22T11:32:22","slug":"magyar-kultura-napja-tokajban-2013","status":"publish","type":"post","link":"https:\/\/tokajiirotabor.hu\/irotabor_archiv\/magyar-kultura-napja-tokajban-2013\/","title":{"rendered":"MAGYAR KULT\u00daRA NAPJA TOKAJBAN &#8211; 2013"},"content":{"rendered":"<div dir=\"ltr\" align=\"left\"><span style=\"font-family: Arial;\"><span class=\"687185219-16012013\">Tizedik alkalommal ker\u00fcl sor a Magyar Kult\u00fara Napj\u00e1nak k\u00f6z\u00f6s \u00fcnneps\u00e9g\u00e9re a Tokaji \u00cdr\u00f3t\u00e1bor Egyes\u00fclet \u00e9s Tokaj V\u00e1ros szervez\u00e9s\u00e9ben.<\/span><\/span><\/div>\n<div dir=\"ltr\" align=\"left\"><span style=\"font-family: Arial;\"><span class=\"687185219-16012013\">Tisztelettel v\u00e1rjuk az \u00e9rdekl\u0151d\u0151ket.<\/span><\/span><\/div>\n<p><a id=\"tovabb\" name=\"tovabb\"><\/a><\/p>\n<p align=\"center\">\n<p align=\"center\">\n<p align=\"center\">Tokaj V\u00e1ros \u00d6nkorm\u00e1nyzata<\/p>\n<p align=\"center\">a Tokaji \u00cdr\u00f3t\u00e1bor Egyes\u00fclet \u00e9s a<\/p>\n<p align=\"center\">Tokaji Kultur\u00e1lis \u00e9s Konferenciak\u00f6zpont<\/p>\n<p align=\"center\">10. alkalommal tart k\u00f6z\u00f6s \u00fcnneps\u00e9get a<\/p>\n<p align=\"center\">\n<p align=\"center\"><strong>Magyar Kult\u00fara Napja<\/strong><\/p>\n<p align=\"center\">\n<p align=\"center\">alkalm\u00e1b\u00f3l, amelyre tisztelettel megh\u00edvja \u00d6nt \u00e9s kedves Csal\u00e1dj\u00e1t<\/p>\n<p align=\"center\">\n<p align=\"center\">2013. janu\u00e1r 23-\u00e1n, szerd\u00e1n 17 \u00f3r\u00e1ra<\/p>\n<p align=\"center\">a tokaji Kultur\u00e1lis \u00e9s Konferenciak\u00f6zpontba<\/p>\n<p align=\"center\">(Tokaj, Serh\u00e1z \u00fat 55.)<\/p>\n<p align=\"center\">\n<p>&nbsp;<\/p>\n<p><strong>Program:<\/strong><\/p>\n<p>&nbsp;<\/p>\n<p>K\u00f6lcsey Ferenc Himnusz c\u00edm\u0171 k\u00f6ltem\u00e9ny\u00e9t el\u0151adja <strong>Seres Ildik\u00f3 <\/strong>a Miskolci Nemzeti Sz\u00ednh\u00e1z J\u00e1szai Mari d\u00edjas m\u0171v\u00e9sze<\/p>\n<p>&nbsp;<\/p>\n<p>Tokaj v\u00e1ros \u00d6nkorm\u00e1nyzata nev\u00e9ben a rendezv\u00e9ny vend\u00e9geit k\u00f6sz\u00f6nti <strong>M\u00e1jer J\u00e1nos<\/strong> polg\u00e1rmester<\/p>\n<p>&nbsp;<\/p>\n<p>\u00dcnnepi besz\u00e9det mond <strong>L. Simon L\u00e1szl\u00f3 <\/strong>az Emberi Er\u0151forr\u00e1sok Miniszt\u00e9rium\u00e1nak kult\u00far\u00e1\u00e9rt felel\u0151s \u00e1llamtitk\u00e1ra<\/p>\n<p>&nbsp;<\/p>\n<p><strong>Szentm\u00e1rtoni J\u00e1nos <\/strong>k\u00f6lt\u0151, \u00edr\u00f3t\u00e1bori eln\u00f6k gondolatai a magyar kult\u00far\u00e1r\u00f3l<\/p>\n<p>&nbsp;<\/p>\n<p>Tokaj V\u00e1ros Vegyeskar\u00e1nak m\u0171sora <strong>P\u00e1sztor Istv\u00e1nn\u00e9<\/strong> vezet\u00e9s\u00e9vel<\/p>\n","protected":false},"excerpt":{"rendered":"<p>Tizedik alkalommal ker\u00fcl sor a Magyar Kult\u00fara Napj\u00e1nak k\u00f6z\u00f6s \u00fcnneps\u00e9g\u00e9re a Tokaji \u00cdr\u00f3t\u00e1bor Egyes\u00fclet \u00e9s Tokaj V\u00e1ros szervez\u00e9s\u00e9ben. Tisztelettel v\u00e1rjuk az \u00e9rdekl\u0151d\u0151ket. Tokaj V\u00e1ros \u00d6nkorm\u00e1nyzata a Tokaji \u00cdr\u00f3t\u00e1bor Egyes\u00fclet \u00e9s a Tokaji Kultur\u00e1lis \u00e9s Konferenciak\u00f6zpont 10. alkalommal tart k\u00f6z\u00f6s \u00fcnneps\u00e9get&#8230;<\/p>\n","protected":false},"author":1,"featured_media":3689,"comment_status":"closed","ping_status":"closed","sticky":false,"template":"","format":"standard","meta":{"footnotes":""},"categories":[1],"tags":[106],"class_list":["post-3975","post","type-post","status-publish","format-standard","has-post-thumbnail","hentry","category-hirek","tag-a-magyar-kultura-napja-tokajban"],"_links":{"self":[{"href":"https:\/\/tokajiirotabor.hu\/irotabor_archiv\/wp-json\/wp\/v2\/posts\/3975"}],"collection":[{"href":"https:\/\/tokajiirotabor.hu\/irotabor_archiv\/wp-json\/wp\/v2\/posts"}],"about":[{"href":"https:\/\/tokajiirotabor.hu\/irotabor_archiv\/wp-json\/wp\/v2\/types\/post"}],"author":[{"embeddable":true,"href":"https:\/\/tokajiirotabor.hu\/irotabor_archiv\/wp-json\/wp\/v2\/users\/1"}],"replies":[{"embeddable":true,"href":"https:\/\/tokajiirotabor.hu\/irotabor_archiv\/wp-json\/wp\/v2\/comments?post=3975"}],"version-history":[{"count":1,"href":"https:\/\/tokajiirotabor.hu\/irotabor_archiv\/wp-json\/wp\/v2\/posts\/3975\/revisions"}],"predecessor-version":[{"id":3976,"href":"https:\/\/tokajiirotabor.hu\/irotabor_archiv\/wp-json\/wp\/v2\/posts\/3975\/revisions\/3976"}],"wp:featuredmedia":[{"embeddable":true,"href":"https:\/\/tokajiirotabor.hu\/irotabor_archiv\/wp-json\/wp\/v2\/media\/3689"}],"wp:attachment":[{"href":"https:\/\/tokajiirotabor.hu\/irotabor_archiv\/wp-json\/wp\/v2\/media?parent=3975"}],"wp:term":[{"taxonomy":"category","embeddable":true,"href":"https:\/\/tokajiirotabor.hu\/irotabor_archiv\/wp-json\/wp\/v2\/categories?post=3975"},{"taxonomy":"post_tag","embeddable":true,"href":"https:\/\/tokajiirotabor.hu\/irotabor_archiv\/wp-json\/wp\/v2\/tags?post=3975"}],"curies":[{"name":"wp","href":"https:\/\/api.w.org\/{rel}","templated":true}]}}