{"id":3960,"date":"2013-07-15T11:41:12","date_gmt":"2013-07-15T10:41:12","guid":{"rendered":"http:\/\/www.tokajiirotabor.hu\/?p=3960"},"modified":"2016-06-22T11:45:55","modified_gmt":"2016-06-22T10:45:55","slug":"a-41-irotabor-elott","status":"publish","type":"post","link":"https:\/\/tokajiirotabor.hu\/irotabor_archiv\/a-41-irotabor-elott\/","title":{"rendered":"A 41. \u00cdR\u00d3T\u00c1BOR EL\u0150TT"},"content":{"rendered":"<p align=\"center\"><strong>A SZ\u00c1MVET\u00c9S \u00c9VEI<img loading=\"lazy\" decoding=\"async\" class=\"size-full wp-image-3961 alignleft\" src=\"http:\/\/www.tokajiirotabor.hu\/wp-content\/uploads\/2016\/06\/12a_13845_Szentmartonibelyegkep85px.jpg\" alt=\"12a_13845_Szentmartonibelyegkep85px\" width=\"85\" height=\"85\" \/><\/strong><\/p>\n<p align=\"center\">ELTILTVA \u00c9S ELFELEJTVE<\/p>\n<p align=\"center\">1965 \u2013 1989<\/p>\n<p style=\"text-align: justify;\">A sz\u00e1mvet\u00e9s \u00e9veit \u00e9lj\u00fck. Nem mindenki v\u00e1g hozz\u00e1 j\u00f3 k\u00e9pet. Pedig ha nem besz\u00e9lj\u00fck ki, nem valljuk meg az elm\u00falt f\u00e9l \u00e9vsz\u00e1zad k\u00f6z\u00f6s terheit, m\u00e9rgez\u0151 tabut\u00e9m\u00e1it, elmaszatoljuk a j\u00f6v\u0151nket is. Neh\u00e9z helyzetben van az \u00e9n nemzed\u00e9kem, az a k\u00f6ztes, se-hideg-se-meleg nemzed\u00e9k, amely b\u00e1r m\u00e9g a 80-as \u00e9vek idillinek t\u0171n\u0151, val\u00f3j\u00e1ban vihar el\u0151tti b\u00e9k\u00e9j\u00e9ben gyerekeskedett, de a feje l\u00e1gya a 90-es \u00e9vekben kezdett ben\u0151ni, s \u00e9rett\u00e9 csak az ezredfordul\u00f3 ut\u00e1n v\u00e1lhatott \u2013 mert a megel\u0151z\u0151 korszak b\u0171nei\u00e9rt semmiben sem felel\u0151s, ha csak abban nem, hogy nem akar vagy nem mer ap\u00e1ink nemzed\u00e9k\u00e9vel elsz\u00e1molni.<\/p>\n<p style=\"text-align: justify;\"><a id=\"tovabb\" name=\"tovabb\"><\/a><\/p>\n<p style=\"text-align: justify;\">A szabads\u00e1g korszaka \u00fagy szakadt r\u00e1, mint \u00e1lomb\u00f3l \u00e9bredve a val\u00f3s\u00e1g: rendszerv\u00e1lt\u00e1s, rom\u00e1niai forradalom, \u00f6b\u00f6l- \u00e9s d\u00e9lszl\u00e1v h\u00e1bor\u00fa stb. Rohaml\u00e9ptekben kellett elkezdenie nyelveket tanulnia, f\u00f6lvennie a versenyt nyugati t\u00e1rsaival mind temp\u00f3ban, mind technikai felk\u00e9sz\u00fclts\u00e9gben. Ezzel egy id\u0151ben nem csak a nagyvil\u00e1g, de a magyar m\u00falt is kiny\u00edlt el\u0151tte, olyan dolgokr\u00f3l hallhatott, amelyekr\u0151l azel\u0151tt nem vagy csak a legsz\u0171kebb k\u00f6rnyezet\u00e9ben. Az ut\u00e1nunk j\u00f6v\u0151k m\u00e1r a \u201esz\u00e9p \u00faj vil\u00e1gban\u201d szocializ\u00e1l\u00f3dtak, sz\u00e1mukra a mi \u00fatt\u00f6r\u0151s\u00e9g\u00fcnk is m\u00e1r csup\u00e1n t\u00f6rt\u00e9nelem. M\u00e9g ha nem is a mi nemzed\u00e9k\u00fcnknek van a legnagyobb erk\u00f6lcsi alapja sz\u00e1mon k\u00e9rni b\u00e1rmit is, de a k\u00f6teless\u00e9ge \u00e9s a feladata ann\u00e1l nagyobb, hiszen kommunik\u00e1ci\u00f3s hidat kell vernie k\u00e9t korszak k\u00f6z\u00e9.<\/p>\n<p style=\"text-align: justify;\">\u00a0\u00a0\u00a0 A sz\u00e1mvet\u00e9s egyik leghangs\u00falyosabb \u00e9s legk\u00e9nyesebb terepe az \u00edrott sz\u00f3 kult\u00far\u00e1ja, s azon bel\u00fcl is az irodalom, amely a rendszerv\u00e1lt\u00e1sig m\u0171v\u00e9szeti nagyhatalomnak sz\u00e1m\u00edtott, v\u00e9lem\u00e9ny- \u00e9s \u00edzl\u00e9sform\u00e1l\u00f3 er\u0151nek. Azok az \u00e9rt\u00e9kek, amelyek a tank\u00f6nyvekb\u0151l hossz\u00fa \u00e9vtizedekig kimaradtak, amelyeket a k\u00f6nyvt\u00e1rakb\u00f3l sz\u00e1m\u0171ztek, amelyek k\u00fcl\u00f6nb\u00f6z\u0151 kultur\u00e1lis m\u0171helyek b\u00e1tor tev\u00e9kenys\u00e9ge ment\u00e9n sz\u00fclettek s \u0151rz\u0151dtek meg \u2013 nem lehetnek a felejt\u00e9s\u00e9. S azt sem hallgathatjuk el, hogy a kommunista diktat\u00fara milyen v\u00e1logatott eszk\u00f6z\u00f6kkel f\u00e1radozott ezen \u00e9rt\u00e9kek elt\u00fcntet\u00e9s\u00e9\u00e9rt, ellehetetlen\u00edt\u00e9s\u00e9\u00e9rt annak \u00e9rdek\u00e9ben, hogy a magyar \u00e9rtelmis\u00e9get lehet\u0151leg sz\u00e9tzil\u00e1lja, megossza, megf\u00e9leml\u00edtse. Mert egy meghasonlott \u00e9rtelmis\u00e9g m\u00f6g\u00f6tt\u00a0 csak egy meghasonlott nemzet \u00e1llhat. Ezt t\u00f6bb\u00e9-kev\u00e9sb\u00e9 siker\u00fclt is v\u00e9gbevinnie. Term\u00e9szetesen az\u00e9rt az \u00e9rtelmis\u00e9g \u00f6nv\u00e9delmi mechanizmusait nem lehetett teljesen kiirtani \u2013 gondoljunk csak t\u00f6bbek k\u00f6z\u00f6tt a Tokaji \u00cdr\u00f3t\u00e1bor \u00e9s a lakiteleki tal\u00e1lkoz\u00e1sok tan\u00e1cskoz\u00e1saira.<\/p>\n<p style=\"text-align: justify;\">\u00a0\u00a0\u00a0 Hossz\u00fa id\u0151nek kell m\u00e9g eltelnie, hogy eg\u00e9szen tiszt\u00e1n l\u00e1ssunk. De a rendrak\u00e1st \u00e9pp ez\u00e9rt egy percig sem sz\u00fcneteltethetj\u00fck. Az id\u00e9n 41. \u00e9v\u00e9be l\u00e9p\u0151 Tokaji \u00cdr\u00f3t\u00e1bor is a maga eszk\u00f6zeivel ebben a rendrak\u00e1sban seg\u00e9dkezik, amikor a tavaly meghirdetett tematik\u00e1t id\u00e9n tov\u00e1bb folytatja, tov\u00e1bb \u00e9p\u00edti. A tavaly \u00e1ttekintett 1945-65 k\u00f6z\u00f6tti id\u0151szak ut\u00e1n id\u00e9n az 1965-89 k\u00f6z\u00f6tti \u00e9vtizedek t\u00f6rt\u00e9n\u00e9seit vizsg\u00e1ljuk. S el\u0151rel\u00e1that\u00f3an a j\u00f6v\u0151 \u00e9vi tan\u00e1cskoz\u00e1s fogja lez\u00e1rni e h\u00e1rom l\u00e9pcs\u0151s konferenci\u00e1t, amely <em>A rendszerv\u00e1lt\u00e1s \u00e9s szellemi el\u0151k\u00e9sz\u00fcletei<\/em> munkac\u00edmet viseli.<\/p>\n<p style=\"text-align: justify;\">\u00a0\u00a0\u00a0 Mivel egy irodalmi t\u00e1bor csup\u00e1n a k\u00e9rd\u00e9sek f\u00f6lvet\u00e9s\u00e9re, a teend\u0151k felv\u00e1zol\u00e1s\u00e1ra hivatott \u2013 a szervez\u0151k b\u00edznak abban, hogy a diskurzus a teljes irodalmi szakm\u00e1ban fog folytat\u00f3dni.<\/p>\n<p align=\"right\"><strong>Szentm\u00e1rtoni J\u00e1nos<\/strong><\/p>\n","protected":false},"excerpt":{"rendered":"<p>A SZ\u00c1MVET\u00c9S \u00c9VEI ELTILTVA \u00c9S ELFELEJTVE 1965 \u2013 1989 A sz\u00e1mvet\u00e9s \u00e9veit \u00e9lj\u00fck. Nem mindenki v\u00e1g hozz\u00e1 j\u00f3 k\u00e9pet. Pedig ha nem besz\u00e9lj\u00fck ki, nem valljuk meg az elm\u00falt f\u00e9l \u00e9vsz\u00e1zad k\u00f6z\u00f6s terheit, m\u00e9rgez\u0151 tabut\u00e9m\u00e1it, elmaszatoljuk a j\u00f6v\u0151nket is. Neh\u00e9z&#8230;<\/p>\n","protected":false},"author":1,"featured_media":3961,"comment_status":"closed","ping_status":"closed","sticky":false,"template":"","format":"standard","meta":{"footnotes":""},"categories":[1],"tags":[],"class_list":["post-3960","post","type-post","status-publish","format-standard","has-post-thumbnail","hentry","category-hirek"],"_links":{"self":[{"href":"https:\/\/tokajiirotabor.hu\/irotabor_archiv\/wp-json\/wp\/v2\/posts\/3960"}],"collection":[{"href":"https:\/\/tokajiirotabor.hu\/irotabor_archiv\/wp-json\/wp\/v2\/posts"}],"about":[{"href":"https:\/\/tokajiirotabor.hu\/irotabor_archiv\/wp-json\/wp\/v2\/types\/post"}],"author":[{"embeddable":true,"href":"https:\/\/tokajiirotabor.hu\/irotabor_archiv\/wp-json\/wp\/v2\/users\/1"}],"replies":[{"embeddable":true,"href":"https:\/\/tokajiirotabor.hu\/irotabor_archiv\/wp-json\/wp\/v2\/comments?post=3960"}],"version-history":[{"count":3,"href":"https:\/\/tokajiirotabor.hu\/irotabor_archiv\/wp-json\/wp\/v2\/posts\/3960\/revisions"}],"predecessor-version":[{"id":3965,"href":"https:\/\/tokajiirotabor.hu\/irotabor_archiv\/wp-json\/wp\/v2\/posts\/3960\/revisions\/3965"}],"wp:featuredmedia":[{"embeddable":true,"href":"https:\/\/tokajiirotabor.hu\/irotabor_archiv\/wp-json\/wp\/v2\/media\/3961"}],"wp:attachment":[{"href":"https:\/\/tokajiirotabor.hu\/irotabor_archiv\/wp-json\/wp\/v2\/media?parent=3960"}],"wp:term":[{"taxonomy":"category","embeddable":true,"href":"https:\/\/tokajiirotabor.hu\/irotabor_archiv\/wp-json\/wp\/v2\/categories?post=3960"},{"taxonomy":"post_tag","embeddable":true,"href":"https:\/\/tokajiirotabor.hu\/irotabor_archiv\/wp-json\/wp\/v2\/tags?post=3960"}],"curies":[{"name":"wp","href":"https:\/\/api.w.org\/{rel}","templated":true}]}}