{"id":3893,"date":"2014-01-22T10:15:09","date_gmt":"2014-01-22T09:15:09","guid":{"rendered":"http:\/\/www.tokajiirotabor.hu\/?p=3893"},"modified":"2016-06-13T10:50:42","modified_gmt":"2016-06-13T09:50:42","slug":"magyar-kultura-napja-2014","status":"publish","type":"post","link":"https:\/\/tokajiirotabor.hu\/irotabor_archiv\/magyar-kultura-napja-2014\/","title":{"rendered":"MAGYAR KULT\u00daRA NAPJA &#8211; 2014"},"content":{"rendered":"<div style=\"text-align: justify;\"><span class=\"062162922-20012014\"><span style=\"font-family: Arial;\"><a href=\"http:\/\/www.tokajiirotabor.hu\/wp-content\/uploads\/2016\/06\/Kolcsey_ferenc.jpg\"><img loading=\"lazy\" decoding=\"async\" class=\"size-full wp-image-3894 alignleft\" src=\"http:\/\/www.tokajiirotabor.hu\/wp-content\/uploads\/2016\/06\/Kolcsey_ferenc.jpg\" alt=\"Kolcsey_ferenc\" width=\"220\" height=\"281\" \/><\/a>11. alkalommal ker\u00fcl sor Tokajban a Magyar Kult\u00fara Napj\u00e1nak k\u00f6z\u00f6s \u00fcnneps\u00e9g\u00e9re, a v\u00e1ros \u00d6nkorm\u00e1nyzat\u00e1nak \u00e9s int\u00e9zm\u00e9nyeinek, illetve a Tokaji \u00cdr\u00f3t\u00e1bor kurat\u00f3rium\u00e1nak szervez\u00e9s\u00e9ben. A rendezv\u00e9ny h\u00e1zigazd\u00e1ja\u00a0<strong>M\u00e1jer J\u00e1nos<\/strong>, Tokaj v\u00e1ros polg\u00e1rmestere. \u00dcnnepi besz\u00e9det mond <strong>Dr. Mengyi Roland<\/strong>, a Megyei \u00d6nkorm\u00e1nyzat eln\u00f6ke \u00e9s <strong>Prof. Dr. J\u00e1nosi Zolt\u00e1n<\/strong>, a Ny\u00edregyh\u00e1zi F\u0151iskola rektora, akinek el\u0151ad\u00e1sa al\u00e1bb olvashat\u00f3.<\/span><\/span><\/div>\n<div style=\"text-align: justify;\"><span class=\"062162922-20012014\"><span style=\"font-family: Arial;\">Tokaji \u00e9rdekess\u00e9g, hogy K\u00f6lcsey Ferenc Himnusz c\u00edm\u0171 k\u00f6ltem\u00e9nye minden \u00e9vben m\u00e1s-m\u00e1s magyar sz\u00ednm\u0171v\u00e9sz el\u0151ad\u00e1s\u00e1ban hangzik el\u00a0a v\u00e1ros irodalom- \u00e9s m\u0171v\u00e9szetszeret\u0151 k\u00f6z\u00f6ns\u00e9ge el\u0151tt.\u00a0Nemzeti im\u00e1ds\u00e1gunk\u00a0mai el\u0151ad\u00f3ja <strong>Kelemen Csaba<\/strong>, az egri G\u00e1rdonyi G\u00e9za Sz\u00ednh\u00e1z m\u0171v\u00e9sze.<\/span><\/span><\/div>\n<div style=\"text-align: justify;\"><\/div>\n<div style=\"text-align: justify;\"><span class=\"062162922-20012014\"><span style=\"font-family: Arial;\">Az elm\u00falt \u00e9vek\u00a0gyakorlat\u00e1nak megfelel\u0151en\u00a0a Magyar Kult\u00fara Napj\u00e1n\u00a0meghirdetj\u00fck a 42. Tokaji \u00cdr\u00f3t\u00e1bort, melynek id\u0151pontja:<\/span><\/span><\/div>\n<div style=\"text-align: justify;\"><strong><span class=\"062162922-20012014\"><span style=\"font-family: Arial;\">2014. augusztus 13-14-15.<\/span><\/span><\/strong><\/div>\n<div style=\"text-align: justify;\"><span class=\"062162922-20012014\"><span style=\"font-family: Arial;\">A tan\u00e1cskoz\u00e1si t\u00e9mak\u00f6re:<\/span><\/span><\/div>\n<div style=\"text-align: justify;\"><span class=\"062162922-20012014\"><span style=\"font-family: Arial;\"><strong>Irodalom a rendszerv\u00e1ltoz\u00e1sban &#8211; Rendszerv\u00e1lt\u00f3 irodalom<\/strong><\/span><\/span><\/div>\n<p style=\"text-align: justify;\"><a id=\"tovabb\" name=\"tovabb\"><\/a><\/p>\n<div>\n<p style=\"text-align: justify;\"><strong>J\u00e1nosi Zolt\u00e1n:\u00a0 K\u00f6lcsey Ferenc \u00e9s a magyar kult\u00fara<\/strong><\/p>\n<p style=\"text-align: justify;\">Ezen a gy\u00f6ny\u00f6r\u0171, mai napon, Tokaj v\u00e1ros \u00fcnneps\u00e9g\u00e9n Szatm\u00e1rcseke \u00fczenet\u00e9t hozom. Az\u00e9t a k\u00f6zs\u00e9g\u00e9t, ahol a Magyar Kult\u00fara Napj\u00e1t a magyar <em>Himnusz<\/em> sz\u00fclet\u00e9snapj\u00e1t 1994 \u00f3ta a K\u00f6lcsey T\u00e1rsas\u00e1g rendez\u00e9s\u00e9ben az eg\u00e9sz orsz\u00e1g \u00e9s a vil\u00e1g magyars\u00e1ga is a janu\u00e1r 22-\u00e9hez legk\u00f6zelebbi megel\u0151z\u0151 vas\u00e1rnapon \u00fcnnepeli. Szatm\u00e1rcseke Szabolcs-Szatm\u00e1r-Bereg egyik legeldugottabb, legink\u00e1bb perif\u00e9rikus r\u00e9sz\u00e9n elhelyezked\u0151 lak\u00f3helye, de m\u00e9gis, ha az \u00e9v egyetlen napj\u00e1n is, \u00edgy nemzeti zar\u00e1ndokhelly\u00e9 emelkedik. S zar\u00e1ndokhelly\u00e9, a magyars\u00e1g szellemi f\u00f3kusz\u00e1v\u00e1 v\u00e1lik minden v\u00e1ros, falu, a hat\u00e1ron bel\u00fcl \u00e9s k\u00edv\u00fcl, \u00edgy ez a terem is, ahol a magyar kult\u00fara napj\u00e1t \u00fcnnepelik<\/p>\n<p style=\"text-align: justify;\">Tisztelt \u00fcnnepl\u0151 k\u00f6z\u00f6ss\u00e9g! Kedves tokajiak, a magyar kult\u00fara elk\u00f6telezettjei, akik 1972 \u00f3ta adnak folyamatosan otthont a K\u00f6lcsey \u00f6r\u00f6ks\u00e9g\u00e9re mint meghat\u00e1roz\u00f3 f\u00f3kuszra n\u00e9z\u0151 Tokaji \u00cdr\u00f3t\u00e1bornak is, a magyar \u00edr\u00f3k \u00e9s irodalmi \u00e9let legnagyobb f\u00f3rum\u00e1nak!<\/p>\n<p style=\"text-align: justify;\">Van egy nagyon jelk\u00e9pes mozzanat is abban, hogy \u00e9ppen Magyarorsz\u00e1g egyik legink\u00e1bb peremhelyzetben l\u00e9v\u0151, a magyar vid\u00e9knek is \u2013 ma m\u00e1r \u2013 \u00e9ppen csak a hat\u00e1ron bel\u00fcl es\u0151 pontj\u00e1r\u00f3l, Szatm\u00e1rcsek\u00e9r\u0151l sz\u00f3lal meg \u00e9vr\u0151l \u00e9vre K\u00f6lcsey \u00fczenete. A nemzeti kult\u00fara \u00fcnnep\u00e9n ez a hang azt fogalmazza meg \u2013 s ezt \u00fczeni ma itt, az Eur\u00f3pa kif\u00e9nyes\u00edtett nagyv\u00e1rosait\u00f3l t\u00e1vol es\u0151 s a maga erej\u00e9b\u0151l h\u00edress\u00e9 lett Tokajban is, hogy nincs\u00a0 Eur\u00f3p\u00e1nak, a K\u00e1rp\u00e1t-medenc\u00e9nek \u00e9s term\u00e9szetesen az eg\u00e9sz vil\u00e1gnak sem, perif\u00e9rikus, szellemi \u00e9rtelemben al\u00e1becs\u00fclend\u0151, \u00e9rdemtelen vagy \u00e9rt\u00e9ktelen helye. S hogy a vid\u00e9k \u2013 mint az ember \u00e9s az emberi kult\u00fara lak\u00f3helye \u2013 a vil\u00e1g f\u0151v\u00e1rosaival, nagyv\u00e1rosaival, kereskedelmi k\u00f6zpontjaival a szellem s\u00edkj\u00e1n igenis egyenrang\u00fa; illetve egyenrang\u00fa lehet.<\/p>\n<p style=\"text-align: justify;\">Mert gondoljuk csak meg: K\u00f6lcsey kor\u00e1ban a Tisza \u00e1rad\u00e1sai miatt Szatm\u00e1rcsek\u00e9t, ezt az elhagyatott falut h\u00f3napokon \u00e1t olyan s\u00e1r \u00e9s v\u00edztenger vette k\u00f6r\u00fcl, el\u00f6ntve az utakat, hogy szinte teljesen elz\u00e1rta lak\u00f3it a k\u00fclvil\u00e1gt\u00f3l. Csup\u00e1n cs\u00f3nakokkal lehetett, \u00fagy ahogy k\u00f6zlekedni, am\u00edg be nem fagytak vagy f\u00f6l nem sz\u00e1radtak a vizek. A posta akadozva j\u00e1rt, \u00e9s jobb id\u0151kben is hossz\u00fa hetekig tartott az \u00fat Pestre vagy Pozsonyba, s napokig V\u00e1radra vagy Debrecenbe, s nagy k\u00fcszk\u00f6d\u00e9ssel ide, Tokajba is. S 1823. janu\u00e1r 22-\u00e9n m\u00e9gis itt, a kar\u00e1csonyb\u00f3l az \u00faj\u00e9v dermedt tel\u00e9nek arc\u00e1ba n\u00e9z\u0151, k\u00fcszk\u00f6d\u0151 jobb\u00e1gyok k\u00f6z\u00f6tt, a t\u00e9li \u00e1lmot alv\u00f3 Magyarorsz\u00e1g m\u00e9ly\u00e9n, h\u00e9tszilvaf\u00e1s birtokok, a saj\u00e1t port\u00e1jukr\u00f3l \u00e9s bank\u00f3ikt\u00f3l a haz\u00e1jukig ell\u00e1tni k\u00e9ptelen, m\u0171veletlen, goromba nemesek s tanulatlan parasztok k\u00f6z\u00f6tt sz\u00fcletett meg a <em>Himnusz<\/em>. Majd a <em>Zr\u00ednyi dala<\/em>, a <em>Zr\u00ednyi m\u00e1sodik \u00e9neke<\/em> \u00e9s a <em>Parain\u00e9zis<\/em> is. Az isten h\u00e1ta m\u00f6g\u00fcl ki\u00e1ltva f\u00f6l az \u00e9gig, belen\u00e9zve a teljes magyar t\u00f6rt\u00e9nelembe, \u00e9s a j\u00f6v\u0151 \u00e9rdek\u00e9ben szembes\u00fclve vele, hogy \u201eIsten, \u00e1ldd meg a magyart!\u201d Nemcsak a kir\u00e1lyt, az arisztokr\u00e1ci\u00e1t, a kutyab\u0151r\u00f6st \u00e9s a kutyab\u0151r\u00e9rt liheg\u0151 szolg\u00e1kat, hanem a dunai r\u00e9v\u00e9szt, a bakonyi fav\u00e1g\u00f3t, a csekei diszn\u00f3p\u00e1sztort, a ny\u00edregyh\u00e1zi csizmadi\u00e1t, a bihari parasztot, a szatm\u00e1rn\u00e9meti iparosembert \u00e9s a tokaji sz\u0151l\u0151m\u00edvest is.\u00a0 \u00c9s K\u00f6lcsey azt is innen, a magyar vil\u00e1g \u2013 Zempl\u00e9nhez, Borsodhoz \u00e9s Aba\u00fajhoz sokban hasonl\u00f3 \u2013 szatm\u00e1ri-beregi szakad\u00e9k\u00e1b\u00f3l tudatos\u00edtotta, hogy a k\u00fcls\u0151 ellens\u00e9gn\u00e9l van egy sokkal veszedelmesebb: az \u00f6r\u00f6k\u00f6s bels\u0151 visz\u00e1ly, s micsoda sz\u00f6rny\u0171s\u00e9g az, hogy: \u201eH\u00e1nyszor t\u00e1madt tenfiad, \/ Sz\u00e9p haz\u00e1m kebledre\u201d! \u00c9s az is, hogy e f\u00f6ldnek lak\u00f3ja h\u00e1nyszor, de h\u00e1nyszor \u201eSzerte n\u00e9zett, s nem lel\u00e9 \/ honj\u00e1t a haz\u00e1ban.\u201d \u00c9s hogy l\u00e9te alaphelyzet\u00e9t a \u201eb\u00fa s k\u00e9ts\u00e9g mellette\u201d mondat hossz\u00fa sz\u00e1zadokra jel\u00f6lte ki. De a vers befejez\u00e9se fel\u00e9 r\u00f3va a sorokat K\u00f6lcsey azt is innen fogalmazta meg, m\u00e1r 1848-ra tekintve j\u00f3slatosan el\u0151re, hogy \u201eS ah, szabads\u00e1g nem virul \/ A holtnak v\u00e9r\u00e9b\u0151l\u201d, vagyis hogy nem a holtak\u00e9b\u00f3l, hanem az \u00e9l\u0151k\u00e9b\u0151l tud majd a szabads\u00e1g kivirulni; \u00e9s hogy el\u00e9g, el\u00e9g, el\u00e9g volt, mert igenis: \u201eMegb\u0171nh\u00f6dte m\u00e1r e n\u00e9p \/ A m\u00faltat s j\u00f6vend\u0151t!\u201d<\/p>\n<p style=\"text-align: justify;\">Tisztelt eml\u00e9kez\u0151k!<\/p>\n<p style=\"text-align: justify;\">K\u00f6lcsey Ferenc a maga fizikai t\u00f6r\u00e9kenys\u00e9g\u00e9ben is a 19. sz\u00e1zadi magyar gondolkod\u00e1s egyik legnagyobb l\u00e1zad\u00f3ja volt. Mert nem volt munk\u00e1ss\u00e1g\u00e1nak egyetlen \u00e1ga sem, amellyel ne forgatta volna meg \u00f3ri\u00e1si er\u0151vel a magyar vil\u00e1g lelassult kerekeit. Sokr\u00e9t\u0171 \u00e9letm\u0171v\u00e9nek k\u00f6z\u00e9ppontj\u00e1ban m\u00e9gis egyetlen sz\u00f3 \u00e1llt, mint legfontosabb fogalom, amelyhez hozz\u00e1m\u00e9rhet\u0151 az \u00e9let \u00e9s a hal\u00e1l \u00e9s hozz\u00e1 a teljesebb vil\u00e1g; ez az egyetlen sz\u00f3 pedig: a \u201ehaza\u201d.<\/p>\n<p style=\"text-align: justify;\">\u00a0\u201eHol van a hon?\u201d \u201eMi a haza?\u201d teszi fel ez\u00e9rt sz\u00e1zszorosan, ezerszeresen is K\u00f6lcsey Ferenc a k\u00e9rd\u00e9st, \u00e9s mert alig tal\u00e1lja, vagy csup\u00e1n csak romjaiban leli f\u00f6l ezt a t\u00f6rt\u00e9nelem nagy \u00e1rad\u00e1saiban sz\u00e9tesett, sz\u00e9tz\u00faz\u00f3dott, a m\u00faltban rekedt, m\u00e1r-m\u00e1r csak legjobbjai elm\u00e9j\u00e9ben l\u00e9tez\u0151 haz\u00e1t, megk\u00eds\u00e9rli h\u00e1t visszaperelni a t\u00f6rt\u00e9nelemt\u0151l \u2013 s a marad\u00e9k haza darabk\u00e1it is fel\u00e9l\u0151 fiait\u00f3l.<\/p>\n<p style=\"text-align: justify;\">V\u00e9konyan, mag\u00e1nyosan, f\u00e9lig vakon, feljelent\u0151 szemekt\u0151l \u00e9s gyanakv\u00e1st\u00f3l k\u00eds\u00e9rve, de p\u00e1ratlan akarati \u00e9s gondolati er\u0151vel l\u00e1tott munk\u00e1hoz.<\/p>\n<p style=\"text-align: justify;\">\u00c9s hogy haz\u00e1j\u00e1t v\u00e9gre megtal\u00e1lja, vagy ha nincs, h\u00e1t akkor megalkossa, K\u00f6lcsey oknyomoz\u00f3, t\u00f6rt\u00e9nelmi anal\u00edzisbe fog \u2013 s a korszer\u0171 magyar t\u00f6rt\u00e9nelmi tudat alapvon\u00e1sait is megteremtve \u2013<em>Himnusz<\/em>\u00e1ban a legnagyobb tanuls\u00e1gokat vonja le.<\/p>\n<p style=\"text-align: justify;\">Mert neki f\u00e1j Moh\u00e1cs, neki f\u00e1j a lefejezett Zr\u00ednyi \u00e9s Frangep\u00e1n v\u00e9re, \u0151 kiragadja a s\u00fcpped\u0151 eml\u00e9kezetb\u0151l II. R\u00e1k\u00f3czi Ferenc \u00e9s a kurucok szabads\u00e1gharc\u00e1nak eml\u00e9k\u00e9t. S el\u0151tte \u00e1ll mind, aki az elporlott sz\u00e1zadokban tett valamit Magyarorsz\u00e1g\u00e9rt: Balassi, B\u00e1thory, Bocskai, Bethlen \u00e9s a t\u00f6bbiek, hogy azt\u00e1n a <em>Himnusz<\/em> szigor\u00fa \u00e9s szemben\u00e9z\u0151 koncentr\u00e1tum\u00e1ban a haza es\u00e9ly\u00e9t keresve 900 \u00e9vr\u0151l adjon m\u00e9rleget! Ez\u00e9rt himnusza egyszerre v\u00e9rb\u0151l, sebb\u0151l, \u00e9s egyszerre elemz\u0151 \u00e9rtelemb\u0151l s l\u00e1zad\u00e1sb\u00f3l, a kit\u00f6r\u00e9s akarat\u00e1b\u00f3l verss\u00e9 ki\u00e1ltott szint\u00e9zis. \u00d6sszegz\u00e9s a nemzeti \u00e9letr\u0151l \u00e9s hal\u00e1lr\u00f3l, elrendez\u0151 eml\u00e9kezetr\u0151l, rem\u00e9nyr\u0151l \u00e9s k\u00fczdelemr\u0151l.<\/p>\n<p style=\"text-align: justify;\">S ez a mag\u00e1nyos, \u00e9rz\u00e9keny, de tonn\u00e1nyi terheket a v\u00e1ll\u00e1ra emel\u0151 f\u00e9rfi a nem l\u00e9tez\u0151, a sz\u00e9tes\u0151 haza hely\u00e9re odasug\u00e1rozza a lakhat\u00f3 haza k\u00e9p\u00e9t. Odaemeli siv\u00e1r korszaka f\u00f6l\u00e9 \u2013 a pusztul\u00f3 helyett \u2013 a l\u00e9trehozhat\u00f3 haza l\u00e1tom\u00e1s\u00e1t. S a cselekv\u00e9s jog\u00e1t, a nem t\u0171r\u00e9s dac\u00e1t a j\u00f6vend\u0151 Magyarorsz\u00e1g\u00e1\u00e9rt.<\/p>\n<p style=\"text-align: justify;\">Mert lehetett \u00e9lni \u00fagy is, mint \u0151, ez a szik\u00e1r \u00e9s k\u00f6vetkezetes parancsolat, aki <em>Himnusz<\/em>t \u00edrt, intelmet fogalmazott, tudatlan jobb\u00e1gyok, \u00f6sszevert \u00fajoncok, a saj\u00e1t vet\u00e9s\u00e9t feld\u00fal\u00f3 parasztok \u00e9rdek\u00e9\u00e9rt sz\u00f3lalt, \u00e9s k\u00e9t l\u00e1bon j\u00e1r\u00f3 eleven p\u00e9ld\u00e1zatt\u00e1, s\u0171r\u00edtett emberi eszm\u00e9nny\u00e9 \u00e9s m\u00e9g ma is itt hallhat\u00f3 ki\u00e1lt\u00e1ss\u00e1 lett az id\u0151ben.<\/p>\n<p style=\"text-align: justify;\">Tisztelt tokajiak, zempl\u00e9niek \u00e9s borsodiak, aba\u00fajiak! A helyi \u00e9s a nemzeti kult\u00fara fenntart\u00f3i, \u00e9ltet\u0151i \u00e9s elk\u00f6telezettjei!<\/p>\n<p style=\"text-align: justify;\">K\u00f6lcseynek sz\u00e1mos k\u00f6vet\u0151je volt a magyar irodalomban \u00e9s a teljes magyar kult\u00far\u00e1ban. H\u00e1t hogyan is ne lett volna, amikor a <em>Himnusz<\/em>b\u00f3l mindenki \u0151riz mag\u00e1ban egy darabot: egy sort, egy t\u00f6red\u00e9ket, egy dallamot vagy egyetlen sz\u00f3t. Az ember\u00e9rt sz\u00f3lal\u00e1s felel\u0151ss\u00e9g\u00e9ben e f\u00f6ld\u00f6n is voltak \u00f3ri\u00e1s k\u00f6vet\u0151i: az itt Tokajban sz\u00fcletettek: Paulay Ede, a sz\u00ednh\u00e1zigazgat\u00f3, Z\u00e1borszki J\u00f3zsef, zeneszerz\u0151, B\u00e1n Ferenc, \u00e9p\u00edt\u00e9sz vagy az \u00e9let\u00fck egy r\u00e9sz\u00e9t itt t\u00f6lt\u0151k, itt \u00e9l\u0151k: a magyar nyelv\u0171 vil\u00e1gi l\u00edr\u00e1t felvir\u00e1goztat\u00f3 Balassi B\u00e1lint, N\u00e9methi Ferenc, a k\u00f6lt\u0151 v\u00e1rkapit\u00e1ny, a n\u00e9met sz\u00e1rmaz\u00e1s\u00fa, de a magyar f\u00f6ldbe szerelmes Nicolas Lenau \u00e9s a t\u00f6bbiek a sz\u0151l\u0151m\u0171vesek, a magyarok mellett a francia, olasz telepesek, a g\u00f6r\u00f6g, zsid\u00f3, lengyel keresked\u0151k is, mind a magyar kult\u00far\u00e1t \u00e9p\u00edtett\u00e9k.<\/p>\n<p style=\"text-align: justify;\">De a kult\u00fara t\u00f6bbi kov\u00e1csa, vasver\u0151je: az \u00f3v\u00f3n\u0151k, tan\u00edt\u00f3k, tan\u00e1rok, m\u00e9rn\u00f6k\u00f6k, jog\u00e1szok, k\u00f6zm\u0171vel\u0151d\u00e9si alkalmazottak, a m\u0171szaki, k\u00f6zgazd\u00e1sz, eg\u00e9szs\u00e9g\u00fcgyi \u00e9rtelmis\u00e9g egy\u00fctt a k\u00e9tkezi emberekkel: munk\u00e1sokkal, f\u00f6ldm\u0171vel\u0151kkel ugyan\u00fagy vesz r\u00e9szt most is a magyar kult\u00fara erej\u00e9nek n\u00f6vel\u00e9s\u00e9ben, mint K\u00f6lcsey \u00e9s a reformkori nagyok. Tisztelt tokajiak, akiknek egyik legh\u00edresebb \u00f6r\u00f6ks\u00e9ge kit\u00e9phetetlen\u00fcl kit\u00e9phetetlen\u00fcl forrt bele K\u00f6lcsey <em>Himnusz<\/em>\u00e1ban a &#8222;Tokaj sz\u0151l\u0151vesszein nekt\u00e1rt csepegtett\u00e9l&#8221; sorba, s ez a sor felker\u00fclt a v\u00e1ros centrum\u00e1ban \u00e1ll\u00f3 millenniumi eml\u00e9km\u0171re is, tegy\u00fcnk fel h\u00e1t akkor egy jelen\u00fcnkig sug\u00e1rz\u00f3, nagyon fontos k\u00e9rd\u00e9st. A legfontosabbat, amit a mai napon feltehet\u00fcnk. Volt-e \u00e9s van-e a magyars\u00e1g megtart\u00e1s\u00e1ban a kult\u00far\u00e1n\u00e1l igazabb er\u0151? Nemcsak a visz\u00e1lyainkban vil\u00e1gels\u0151s\u00e9gre jutott: de a tud\u00e1sban: a tudom\u00e1nyban, a m\u0171v\u00e9szetben \u00e9s a mindennapi kult\u00fara vonatkoz\u00e1s\u00e1ban is vil\u00e1gsz\u00ednvonal\u00fa \u00e9rt\u00e9k. Sm i lett volna, mi lenne vel\u00fcnk a magyar kult\u00fara ezer \u00e9ves alak\u00edt\u00f3i n\u00e9lk\u00fcl itt a Zempl\u00e9n kapuj\u00e1ban is, az el\u0151sz\u00f6r csaknem ezer \u00e9ve, 1067-ben eml\u00edtett vid\u00e9ken, mez\u0151v\u00e1rosban \u00e9s a teljes Magyarorsz\u00e1gon, magyarok lakta f\u00f6ldeken? Mi lett volna az e vid\u00e9ken is tev\u00e9kenyked\u0151k: a K\u00e1roli G\u00e1sp\u00e1rok, Kazinczy Ferencek, Kossuth Lajosok, Tenk\u00e1cs Tiborok, J\u00e1nos Istv\u00e1nok n\u00e9lk\u00fcl. S messzebbr\u0151l a Gell\u00e9rt p\u00fcsp\u00f6k\u00f6k, a Janus Pannoniusok, Munk\u00e1csy Mih\u00e1lyok, Erkel Ferencek, Csontv\u00e1ry Kosztka Tivadarok, Kor\u00e1nyi Frigyesek, Radn\u00f3ti Mikl\u00f3sok, Semmelweis Ign\u00e1cok n\u00e9lk\u00fcl? A Pet\u0151fi S\u00e1ndorok, a Szabolcsi Benc\u00e9k, a Bib\u00f3 Istv\u00e1nok, a P\u00e1zm\u00e1ny P\u00e9terek, a M\u00e1rton \u00c1ronok n\u00e9lk\u00fcl? A Sinkovits Imr\u00e9k, a Latinovits Zolt\u00e1nok, a pataki n\u00e9vtelen \u2013 \u00e9s m\u00e1s n\u00e9vtelenek \u2013 n\u00e9lk\u00fcl. A legpontosabban\u00a0 Ratk\u00f3 J\u00f3zsef v\u00e1laszol erre a <em>N\u00e9lk\u00fcl\u00fck <\/em>c\u00edm\u0171 vers\u00e9ben:<\/p>\n<p><em>N\u00e9lk\u00fcl\u00fck nincs haza sem,<br \/>\nnincs f\u00f6ld, kisebbre n\u0151 a fa,<br \/>\na b\u00faza megnyomorodik,<br \/>\n\u00e9s megnyomorodik a l\u00e9lek,<br \/>\nhegyek v\u00e1lnak gerinctelenn\u00e9,<br \/>\nn\u00e9lk\u00fcl\u00fck megfolyik a k\u0151,<br \/>\nki\u00f6nt, madarak tork\u00e1ig \u00e1rad,<br \/>\n\u00f6lel\u00e9seink elsz\u00e1radnak,<br \/>\nelvadul a sz\u00f3 is a sz\u00e1jt\u00f3l,<br \/>\nmert n\u00e9lk\u00fcl\u00fck nincs haza,<br \/>\nnincs f\u00f6ld, n\u00e9p, anyanyelv,<br \/>\nkeres mag\u00e1nak m\u00e1s nevet a r\u00f6g,<br \/>\na Ker\u00e9k csillag k\u00fcll\u0151i ki\u00fcttetnek,<br \/>\nlesz\u00fcnk a Hal\u00e1l szeg\u00e9nyei<br \/>\nvil\u00e1g jobb\u00e1gyi, fiainkkal<br \/>\nfizet\u00fcnk harmadot, kilencedet,<br \/>\nasszonyunk arc\u00e1t j\u00e9g veri,<br \/>\nszem\u00fcnk\u00f6n asz\u00e1ly puszt\u00edt.<\/em><\/p>\n<p>&nbsp;<\/p>\n<\/div>\n<p style=\"text-align: justify;\">De h\u00e1t mi\u00e9rt is \u201evadulna el a sz\u00f3 a sz\u00e1jt\u00f3l\u201d?\u00a0 Mi\u00e9rt is \u201epuszt\u00edtana asz\u00e1ly a szem\u00fcnk\u00f6n?\u201d Mi\u00e9rt ne j\u00f6hetn\u00e9nek el egyszer val\u00f3ban \u201ev\u00edg esztend\u0151k\u201d, amelyeket K\u00f6lcsey 1823. janu\u00e1r 22. \u00f3ta folyamatosan k\u00e9r az Istent\u0151l, \u00e9s k\u00f6vetel a t\u00f6rt\u00e9nelemt\u0151l. De m\u00e9gsem csup\u00e1n isteni kegyelemb\u0151l vagy sz\u00e1nalomb\u00f3l, hanem a saj\u00e1t hozz\u00e1tett akaratunkb\u00f3l, a magunk erej\u00e9b\u0151l is? Hiszen, ahogyan Ol\u00e1h Andr\u00e1s, a Tokaji \u00cdr\u00f3t\u00e1bort \u00e9vr\u0151l \u00e9vre l\u00e1togat\u00f3 m\u00e1t\u00e9szalkai k\u00f6lt\u0151 \u00edrta: \u201eCsak az nem mindegy, Uram, hogy b\u00e1r\u00e1nyaid vagyunk-e \/ vagy birk\u00e1kk\u00e1 lesz\u00fcnk.\u201d<\/p>\n<p style=\"text-align: justify;\">Tisztelt \u00fcnnepl\u0151k, eml\u00e9kez\u0151k, K\u00f6lcsey Ferenc \u00e9s Hymnus\u00e1nak eml\u00e9kezete \u2013 a legnagyobb p\u00e9ld\u00e1zatot viselve \u2013, azt az akaratot sug\u00e1rozza, amely egyszerre tartja meg a magyarul cselekv\u00e9s leg\u00e9rtelmesebb hit\u00e9ben kultur\u00e1lis k\u00f6z\u00e9ppontnak Szatm\u00e1rcsek\u00e9t, Tokajt, S\u00e1rospatakot \u00e9s Budapestet \u2013 \u00e9s tartja, \u0151rzi a szellem szabads\u00e1g\u00e1ban \u2013 a magyars\u00e1got is.<\/p>\n<p style=\"text-align: justify;\">Sokszorozzuk h\u00e1t meg a sz\u00edv\u00fcnkben ezen a napon \u2013 K\u00f6lcsey<em>Himnusz<\/em>\u00e1nak \u00fczenet\u00e9t.<\/p>\n<p style=\"text-align: justify;\">Sok sikert, \u00f6r\u00f6m\u00f6t \u00e9s j\u00f3 perspekt\u00edv\u00e1kat k\u00edv\u00e1nok hozz\u00e1. A Tokaji \u00cdr\u00f3t\u00e1bor kurat\u00f3riuma, a K\u00f6lcsey T\u00e1rsas\u00e1g eln\u00f6ks\u00e9ge \u00e9s\u00a0 Ny\u00edregyh\u00e1zi F\u0151iskola nev\u00e9ben is Tokaj v\u00e1ros\u00e1nak, Borsod-Aba\u00faj-Zempl\u00e9n megye lakosainak \u00e9s a vil\u00e1g magyarjainak. K\u00f6lcsey szellem\u00e9hez m\u00e9rt alkot\u00f3 munk\u00e1t k\u00edv\u00e1nok Mindenkinek.<\/p>\n","protected":false},"excerpt":{"rendered":"<p>11. alkalommal ker\u00fcl sor Tokajban a Magyar Kult\u00fara Napj\u00e1nak k\u00f6z\u00f6s \u00fcnneps\u00e9g\u00e9re, a v\u00e1ros \u00d6nkorm\u00e1nyzat\u00e1nak \u00e9s int\u00e9zm\u00e9nyeinek, illetve a Tokaji \u00cdr\u00f3t\u00e1bor kurat\u00f3rium\u00e1nak szervez\u00e9s\u00e9ben. A rendezv\u00e9ny h\u00e1zigazd\u00e1ja\u00a0M\u00e1jer J\u00e1nos, Tokaj v\u00e1ros polg\u00e1rmestere. \u00dcnnepi besz\u00e9det mond Dr. Mengyi Roland, a Megyei \u00d6nkorm\u00e1nyzat eln\u00f6ke \u00e9s&#8230;<\/p>\n","protected":false},"author":1,"featured_media":3896,"comment_status":"closed","ping_status":"closed","sticky":false,"template":"","format":"standard","meta":{"footnotes":""},"categories":[1],"tags":[102],"class_list":["post-3893","post","type-post","status-publish","format-standard","has-post-thumbnail","hentry","category-hirek","tag-magyar-kultura-napja"],"_links":{"self":[{"href":"https:\/\/tokajiirotabor.hu\/irotabor_archiv\/wp-json\/wp\/v2\/posts\/3893"}],"collection":[{"href":"https:\/\/tokajiirotabor.hu\/irotabor_archiv\/wp-json\/wp\/v2\/posts"}],"about":[{"href":"https:\/\/tokajiirotabor.hu\/irotabor_archiv\/wp-json\/wp\/v2\/types\/post"}],"author":[{"embeddable":true,"href":"https:\/\/tokajiirotabor.hu\/irotabor_archiv\/wp-json\/wp\/v2\/users\/1"}],"replies":[{"embeddable":true,"href":"https:\/\/tokajiirotabor.hu\/irotabor_archiv\/wp-json\/wp\/v2\/comments?post=3893"}],"version-history":[{"count":2,"href":"https:\/\/tokajiirotabor.hu\/irotabor_archiv\/wp-json\/wp\/v2\/posts\/3893\/revisions"}],"predecessor-version":[{"id":3897,"href":"https:\/\/tokajiirotabor.hu\/irotabor_archiv\/wp-json\/wp\/v2\/posts\/3893\/revisions\/3897"}],"wp:featuredmedia":[{"embeddable":true,"href":"https:\/\/tokajiirotabor.hu\/irotabor_archiv\/wp-json\/wp\/v2\/media\/3896"}],"wp:attachment":[{"href":"https:\/\/tokajiirotabor.hu\/irotabor_archiv\/wp-json\/wp\/v2\/media?parent=3893"}],"wp:term":[{"taxonomy":"category","embeddable":true,"href":"https:\/\/tokajiirotabor.hu\/irotabor_archiv\/wp-json\/wp\/v2\/categories?post=3893"},{"taxonomy":"post_tag","embeddable":true,"href":"https:\/\/tokajiirotabor.hu\/irotabor_archiv\/wp-json\/wp\/v2\/tags?post=3893"}],"curies":[{"name":"wp","href":"https:\/\/api.w.org\/{rel}","templated":true}]}}