{"id":3891,"date":"2014-05-01T10:08:27","date_gmt":"2014-05-01T09:08:27","guid":{"rendered":"http:\/\/www.tokajiirotabor.hu\/?p=3891"},"modified":"2016-06-13T10:13:40","modified_gmt":"2016-06-13T09:13:40","slug":"felhivas-42-tokaji-irotabor-2014","status":"publish","type":"post","link":"https:\/\/tokajiirotabor.hu\/irotabor_archiv\/felhivas-42-tokaji-irotabor-2014\/","title":{"rendered":"FELH\u00cdV\u00c1S &#8211; 42. TOKAJI \u00cdR\u00d3T\u00c1BOR 2014"},"content":{"rendered":"<div>\u201eNAGY J\u00d6V\u0150 M\u00d6G\u00d6TT\u00dcNK\u201d<\/div>\n<div><\/div>\n<div><em>Elhallgatva \u00e9s elfelejtve<\/em><\/div>\n<div><\/div>\n<div>2014. aug. 13-15. (szerda, cs\u00fct\u00f6rt\u00f6k, p\u00e9ntek)<\/div>\n<div><\/div>\n<div><\/div>\n<div><\/div>\n<div>A Tokaji \u00cdr\u00f3t\u00e1bor kurat\u00f3riuma meghirdeti a 42. Tokaji \u00cdr\u00f3t\u00e1bor tan\u00e1cskoz\u00e1s\u00e1t, amely a befejez\u0151 fejezete lesz annak a konferenciasorozatnak, amely 2012-ben vette kezdet\u00e9t. M\u00edg az els\u0151n az 1945 \u00e9s 1965, addig 2013-ban az 1965 \u00e9s 1985 k\u00f6z\u00f6tti \u00e9vtizedek t\u00f6rt\u00e9n\u00e9seit vizsg\u00e1ltuk.<\/div>\n<div>\u00a0 \u00a0 A soron k\u00f6vetkez\u0151 tan\u00e1cskoz\u00e1s a rendszerv\u00e1lt\u00e1s id\u0151szak\u00e1nak irodalmi m\u00e9rleg\u00e9hez k\u00edv\u00e1n hi\u00e1nyp\u00f3tl\u00f3 \u00e9s tov\u00e1bbi kutat\u00e1sra \u00f6szt\u00f6nz\u0151 adal\u00e9kokkal szolg\u00e1lni \u2013 teh\u00e1t a 80-as \u00e9vek k\u00f6zep\u00e9t\u0151l lezajl\u00f3 fordulatokat, esem\u00e9nyeket \u00e9s jelens\u00e9geket t\u00e1rgyalja majd. Az id\u0151hat\u00e1rt term\u00e9szetesen nem lehet szigor\u00faan kezelni, hiszen vannak olyan folyamatok, amelyek 1985 el\u0151tt indultak el, de a rendszerv\u00e1lt\u00e1s \u00e9veiben fejtett\u00e9k ki val\u00f3di hat\u00e1sukat \u2013 \u00e9s vannak olyanok, amelyeknek a k\u00f6vetkezm\u00e9nyei az ezredfordul\u00f3ig vagy mindm\u00e1ig meghat\u00e1roz\u00f3ak.<\/div>\n<p><a id=\"tovabb\" name=\"tovabb\"><\/a><\/p>\n<div>\u00a0 \u00a0 A 2014-es tan\u00e1cskoz\u00e1s teh\u00e1t m\u00e1r azokat az \u00e9veket is vizsg\u00e1lni fogja, amelyek \u00faj technikai, piaci \u00e9s politikai kih\u00edv\u00e1sok el\u00e9 \u00e1ll\u00edtott\u00e1k a magyar irodalom szerepl\u0151it \u00e9s m\u0171helyeit. T\u00e1rgyalja p\u00e9ld\u00e1ul a min\u0151s\u00e9gi k\u00f6nyvkiad\u00e1s auton\u00f3mi\u00e1j\u00e1nak kiv\u00edv\u00e1s\u00e1t, majd a piacon val\u00f3 fokozatos ellehetetlen\u00fcl\u00e9s\u00e9t, az irodalmi hivat\u00e1s k\u00f6z\u00e9leti t\u00e9rveszt\u00e9s\u00e9nek lehets\u00e9ges okait is.<\/div>\n<div>\u00a0 \u00a0 Ez\u00fattal, a k\u00e1rp\u00e1t-medencei kitekint\u00e9st tov\u00e1bb sz\u00e9les\u00edtve, lengyel vend\u00e9geket is megh\u00edvunk, hogy egy, a magyar\u00e9hoz hasonl\u00f3 k\u00f6zelm\u00falt\u00fa n\u00e9p irodalmi k\u00e9pvisel\u0151i is besz\u00e1molhassanak a maguk k\u00fczdelmeir\u0151l.<\/div>\n<div><\/div>\n<div>A tan\u00e1cskoz\u00e1s helysz\u00edne a Tokaji Ferenc Gimn\u00e1zium \u00e9s a Koll\u00e9gium. A hagyom\u00e1nyok szerint a Tokaji Est\u00e9k sorozatban alkot\u00f3m\u0171helyek, foly\u00f3iratok bemutatkoz\u00e1sa, felolvas\u00f3 est, ki\u00e1ll\u00edt\u00e1s, hangverseny \u00e9s min\u0151s\u00e9gi tokaji borok k\u00f3stol\u00e1sa v\u00e1rja a r\u00e9sztvev\u0151ket.<\/div>\n<div><\/div>\n<div>A t\u00e1borba val\u00f3 jelentkez\u00e9st lev\u00e9lben a H \u2013 3501 Miskolc, Postafi\u00f3k 375. vagy a tokaji.irotabor@chello.hu c\u00edmre v\u00e1rjuk. A Jelentkez\u00e9si \u0170rlap 2014. m\u00e1jus 1. \u2013 j\u00falius 12. k\u00f6z\u00f6tt honlapunkon el\u00e9rhet\u0151. \u00c9rdekl\u0151dni lehet a k\u00f6vetkez\u0151 telefonsz\u00e1mokon:<\/div>\n<div>06-46-359-923, 06-20-453-4890.<\/div>\n<div><\/div>\n<div><\/div>\n<div>A Tokaji \u00cdr\u00f3t\u00e1bor Kurat\u00f3riuma<\/div>\n","protected":false},"excerpt":{"rendered":"<p>\u201eNAGY J\u00d6V\u0150 M\u00d6G\u00d6TT\u00dcNK\u201d Elhallgatva \u00e9s elfelejtve 2014. aug. 13-15. (szerda, cs\u00fct\u00f6rt\u00f6k, p\u00e9ntek) A Tokaji \u00cdr\u00f3t\u00e1bor kurat\u00f3riuma meghirdeti a 42. Tokaji \u00cdr\u00f3t\u00e1bor tan\u00e1cskoz\u00e1s\u00e1t, amely a befejez\u0151 fejezete lesz annak a konferenciasorozatnak, amely 2012-ben vette kezdet\u00e9t. M\u00edg az els\u0151n az 1945 \u00e9s&#8230;<\/p>\n","protected":false},"author":1,"featured_media":3889,"comment_status":"closed","ping_status":"closed","sticky":false,"template":"","format":"standard","meta":{"footnotes":""},"categories":[1],"tags":[103],"class_list":["post-3891","post","type-post","status-publish","format-standard","has-post-thumbnail","hentry","category-hirek","tag-irotabor-2014"],"_links":{"self":[{"href":"https:\/\/tokajiirotabor.hu\/irotabor_archiv\/wp-json\/wp\/v2\/posts\/3891"}],"collection":[{"href":"https:\/\/tokajiirotabor.hu\/irotabor_archiv\/wp-json\/wp\/v2\/posts"}],"about":[{"href":"https:\/\/tokajiirotabor.hu\/irotabor_archiv\/wp-json\/wp\/v2\/types\/post"}],"author":[{"embeddable":true,"href":"https:\/\/tokajiirotabor.hu\/irotabor_archiv\/wp-json\/wp\/v2\/users\/1"}],"replies":[{"embeddable":true,"href":"https:\/\/tokajiirotabor.hu\/irotabor_archiv\/wp-json\/wp\/v2\/comments?post=3891"}],"version-history":[{"count":1,"href":"https:\/\/tokajiirotabor.hu\/irotabor_archiv\/wp-json\/wp\/v2\/posts\/3891\/revisions"}],"predecessor-version":[{"id":3892,"href":"https:\/\/tokajiirotabor.hu\/irotabor_archiv\/wp-json\/wp\/v2\/posts\/3891\/revisions\/3892"}],"wp:featuredmedia":[{"embeddable":true,"href":"https:\/\/tokajiirotabor.hu\/irotabor_archiv\/wp-json\/wp\/v2\/media\/3889"}],"wp:attachment":[{"href":"https:\/\/tokajiirotabor.hu\/irotabor_archiv\/wp-json\/wp\/v2\/media?parent=3891"}],"wp:term":[{"taxonomy":"category","embeddable":true,"href":"https:\/\/tokajiirotabor.hu\/irotabor_archiv\/wp-json\/wp\/v2\/categories?post=3891"},{"taxonomy":"post_tag","embeddable":true,"href":"https:\/\/tokajiirotabor.hu\/irotabor_archiv\/wp-json\/wp\/v2\/tags?post=3891"}],"curies":[{"name":"wp","href":"https:\/\/api.w.org\/{rel}","templated":true}]}}