{"id":3888,"date":"2014-07-09T10:00:32","date_gmt":"2014-07-09T09:00:32","guid":{"rendered":"http:\/\/www.tokajiirotabor.hu\/?p=3888"},"modified":"2016-06-13T10:04:03","modified_gmt":"2016-06-13T09:04:03","slug":"42-tokaji-irotabor-program","status":"publish","type":"post","link":"https:\/\/tokajiirotabor.hu\/irotabor_archiv\/42-tokaji-irotabor-program\/","title":{"rendered":"42. Tokaji \u00cdr\u00f3t\u00e1bor Program"},"content":{"rendered":"<p align=\"center\"><span style=\"font-family: 'Times New Roman', serif;\"><b>2014. augusztus 13-15.<\/b><\/span><\/p>\n<p>&nbsp;<\/p>\n<p align=\"center\">\u201e<span style=\"font-family: 'Times New Roman', serif;\"><b>NAGY J\u00d6V\u0150 M\u00d6G\u00d6TT\u00dcNK\u201d\u00a0\u00a0\u2013\u00a0 Elhallgatva \u00e9s elfelejtve<\/b><\/span><\/p>\n<p>&nbsp;<\/p>\n<p>&nbsp;<\/p>\n<p><span style=\"font-family: 'Times New Roman', serif;\"><u><b>2014. augusztus 13. szerda<\/b><\/u><\/span><\/p>\n<p>&nbsp;<\/p>\n<p><span style=\"font-family: 'Times New Roman', serif;\"><b>11:00<\/b><\/span><\/p>\n<p><span style=\"font-family: 'Times New Roman', serif;\">R\u00c1K\u00d3CZI-PINCE<\/span><\/p>\n<p><span style=\"font-family: 'Times New Roman', serif;\">\u00cdr\u00f3t\u00e1bor 2014<\/span><\/p>\n<p><span style=\"font-family: 'Times New Roman', serif;\">Megnyitja: <\/span><span style=\"font-family: 'Times New Roman', serif;\"><b>Szentm\u00e1rtoni J\u00e1nos<\/b><\/span><span style=\"font-family: 'Times New Roman', serif;\"> eln\u00f6k<\/span><\/p>\n<p><span style=\"font-family: 'Times New Roman', serif;\">K\u00f6sz\u00f6nt\u0151: <\/span><span style=\"font-family: 'Times New Roman', serif;\"><b>M\u00e1jer J\u00e1nos<\/b><\/span><span style=\"font-family: 'Times New Roman', serif;\"> polg\u00e1rmester<\/span><\/p>\n<p><span style=\"font-family: 'Times New Roman', serif;\">K\u00f6zrem\u0171k\u00f6dik: <\/span><span style=\"font-family: 'Times New Roman', serif;\"><b>Kubik Anna<\/b><\/span><span style=\"font-family: 'Times New Roman', serif;\"> sz\u00ednm\u0171v\u00e9sz<\/span><\/p>\n<p><span style=\"font-family: 'Times New Roman', serif;\">H\u00e1zigazda: <\/span><span style=\"font-family: 'Times New Roman', serif;\"><b>Kov\u00e1cs Tibor<\/b><\/span><span style=\"font-family: 'Times New Roman', serif;\"> birtokigazgat\u00f3<\/span><\/p>\n<p>&nbsp;<\/p>\n<p><span style=\"font-family: 'Times New Roman', serif;\"><b>11:45<\/b><\/span><\/p>\n<p><span style=\"font-family: 'Times New Roman', serif;\">TOKAJ FESZTIV\u00c1LKATLAN<\/span><\/p>\n<p><span style=\"font-family: 'Times New Roman', serif;\">Az \u00faj szabadt\u00e9ri sz\u00ednh\u00e1zat bemutatja <\/span><span style=\"font-family: 'Times New Roman', serif;\"><b>D\u00e9vald Istv\u00e1n<\/b><\/span><\/p>\n<p>&nbsp;<\/p>\n<p><span style=\"font-family: 'Times New Roman', serif;\"><b>12:30<\/b><\/span><\/p>\n<p><span style=\"font-family: 'Times New Roman', serif;\">Eb\u00e9d<\/span><\/p>\n<p>&nbsp;<\/p>\n<p><span style=\"font-family: 'Times New Roman', serif;\"><b>14:00<\/b><\/span><\/p>\n<p><span style=\"font-family: 'Times New Roman', serif;\">TOKAJI FERENC GIMN\u00c1ZIUM, aula<\/span><\/p>\n<p><span style=\"font-family: 'Times New Roman', serif;\">\u00cdr\u00f3-K\u00e9p-T\u00e1r c\u00edmmel <\/span><span style=\"font-family: 'Times New Roman', serif;\"><b>S\u00e1ray \u00c1kos<\/b><\/span><span style=\"font-family: 'Times New Roman', serif;\"> fot\u00f3ki\u00e1ll\u00edt\u00e1sa<\/span><\/p>\n<p><span style=\"font-family: 'Times New Roman', serif;\">Bemutatja: <\/span><span style=\"font-family: 'Times New Roman', serif;\"><b>Antall Istv\u00e1n<\/b><\/span><\/p>\n<p>&nbsp;<\/p>\n<p><span style=\"font-family: 'Times New Roman', serif;\"><b>14:15<\/b><\/span><\/p>\n<p><span style=\"font-family: 'Times New Roman', serif;\">TOKAJI FERENC GIMN\u00c1ZIUM, aula<\/span><\/p>\n<p>\u201e<span style=\"font-family: 'Times New Roman', serif;\"><b>Nagy j\u00f6v\u0151 m\u00f6g\u00f6tt\u00fcnk\u201d \u2013 Elhallgatva \u00e9s elfelejtve<\/b><\/span><span style=\"font-family: 'Times New Roman', serif;\"> c\u00edm\u0171 tan\u00e1cskoz\u00e1s (plen\u00e1ris \u00fcl\u00e9s)<\/span><\/p>\n<p><span style=\"font-family: 'Times New Roman', serif;\">Eln\u00f6k\u00f6l: <\/span><span style=\"font-family: 'Times New Roman', serif;\"><b>Szentm\u00e1rtoni J\u00e1nos, Bertha Zolt\u00e1n<\/b><\/span><\/p>\n<p><span style=\"font-family: 'Times New Roman', serif;\">El\u0151ad\u00f3: <\/span><span style=\"font-family: 'Times New Roman', serif;\"><b>B\u00edr\u00f3 Zolt\u00e1n, Granaszt\u00f3i Gy\u00f6rgy, Mezey Katalin, Ol\u00e1h J\u00e1nos, Pomog\u00e1ts B\u00e9la, Jerzy Snopek, Vasy G\u00e9za<\/b><\/span><\/p>\n<p>&nbsp;<\/p>\n<p><span style=\"font-family: 'Times New Roman', serif;\"><b>18:15<\/b><\/span><\/p>\n<p><span style=\"font-family: 'Times New Roman', serif;\">Vacsora<\/span><\/p>\n<p>&nbsp;<\/p>\n<p><span style=\"font-family: 'Times New Roman', serif;\"><b>19:45<\/b><\/span><\/p>\n<p><span style=\"font-family: 'Times New Roman', serif;\">PAULAY EDE SZ\u00cdNH\u00c1Z<\/span><\/p>\n<p><span style=\"font-family: 'Times New Roman', serif;\"><b>Tokaji est\u00e9k I.<\/b><\/span><\/p>\n<p><span style=\"font-family: 'Times New Roman', serif;\">Ki\u00e1ll\u00edt\u00e1s <\/span><span style=\"font-family: 'Times New Roman', serif;\"><b>Egy m\u0171v\u00e9szcsal\u00e1d eml\u00e9kezete<\/b><\/span><span style=\"font-family: 'Times New Roman', serif;\"> c\u00edmmel<\/span><\/p>\n<p><span style=\"font-family: 'Times New Roman', serif;\">Megnyitja, bemutatja: <\/span><span style=\"font-family: 'Times New Roman', serif;\"><b>Mezey Katalin, Thur\u00f3czy Gergely<\/b><\/span><\/p>\n<p><span style=\"font-family: 'Times New Roman', serif;\">Eml\u00e9kez\u00e9s <\/span><span style=\"font-family: 'Times New Roman', serif;\"><b>Radn\u00f3ti Mikl\u00f3s<\/b><\/span><span style=\"font-family: 'Times New Roman', serif;\"> hal\u00e1l\u00e1nak 70. \u00e9vfordul\u00f3j\u00e1ra<\/span><\/p>\n<p><span style=\"font-family: 'Times New Roman', serif;\"><b>Fandl Ferenc<\/b><\/span><span style=\"font-family: 'Times New Roman', serif;\"> \u00e9s <\/span><span style=\"font-family: 'Times New Roman', serif;\"><b>Hars\u00e1nyi Attila<\/b><\/span><span style=\"font-family: 'Times New Roman', serif;\"> sz\u00ednm\u0171v\u00e9szek m\u0171sor\u00e1val<\/span><\/p>\n<p><span style=\"font-family: 'Times New Roman', serif;\"><b>Korok t\u00e1ncai &#8211; Rem\u00e9nyi Ede Kamarazenekar<\/b><\/span><\/p>\n<p><span style=\"font-family: 'Times New Roman', serif;\">M\u0171v\u00e9szeti vezet\u0151: <\/span><span style=\"font-family: 'Times New Roman', serif;\"><b>Kriston Tam\u00e1s<\/b><\/span><\/p>\n<p><span style=\"font-family: 'Times New Roman', serif;\">K\u00f6zrem\u0171k\u00f6dik: <\/span><span style=\"font-family: 'Times New Roman', serif;\"><b>\u00c1cs Gyula<\/b><\/span><span style=\"font-family: 'Times New Roman', serif;\"> &#8211; t\u00e1rogat\u00f3<\/span><\/p>\n<p>&nbsp;<\/p>\n<p><span style=\"font-family: 'Times New Roman', serif;\"><b>21:30<\/b><\/span><\/p>\n<p><span style=\"font-family: 'Times New Roman', serif;\">R\u00c1K\u00d3CZI-PINCE \u00c9S UDVARH\u00c1Z<\/span><\/p>\n<p><span style=\"font-family: 'Times New Roman', serif;\"><b>20 \u00e9v Parnasszus<\/b><\/span><\/p>\n<p><span style=\"font-family: 'Times New Roman', serif;\">Szerepl\u0151k: <\/span><span style=\"font-family: 'Times New Roman', serif;\"><b>K\u00fcrti L\u00e1szl\u00f3, Oravecz P\u00e9ter<\/b><\/span><span style=\"font-family: 'Times New Roman', serif;\"> (git\u00e1r), <\/span><span style=\"font-family: 'Times New Roman', serif;\"><b>Sz\u00e9kelyhidi Zsolt<\/b><\/span><span style=\"font-family: 'Times New Roman', serif;\"> (billenty\u0171),<\/span><span style=\"font-family: 'Times New Roman', serif;\"><b>Szentm\u00e1rtoni J\u00e1nos, Zsille G\u00e1bor, Angyal Gyula<\/b><\/span><span style=\"font-family: 'Times New Roman', serif;\"> (slam) \u00e9s <\/span><span style=\"font-family: 'Times New Roman', serif;\"><b>Nemes Levente<\/b><\/span><span style=\"font-family: 'Times New Roman', serif;\">(t\u00e1ltos) Szerkeszt\u0151-m\u0171sorvezet\u0151: <\/span><span style=\"font-family: 'Times New Roman', serif;\"><b>Turczi Istv\u00e1n<\/b><\/span><\/p>\n<p>&nbsp;<\/p>\n<p>&nbsp;<\/p>\n<p>&nbsp;<\/p>\n<p>&nbsp;<\/p>\n<p><span style=\"font-family: 'Times New Roman', serif;\"><u><b>2014. augusztus 14. cs\u00fct\u00f6rt\u00f6k<\/b><\/u><\/span><\/p>\n<p>&nbsp;<\/p>\n<p><span style=\"font-family: 'Times New Roman', serif;\"><b>7:00<\/b><\/span><\/p>\n<p><span style=\"font-family: 'Times New Roman', serif;\">Reggeli<\/span><\/p>\n<p>&nbsp;<\/p>\n<p><span style=\"font-family: 'Times New Roman', serif;\"><b>9.00<\/b><\/span><\/p>\n<p><span style=\"font-family: 'Times New Roman', serif;\">TOKAJI FERENC GIMN\u00c1ZIUM, aula<\/span><\/p>\n<p><span style=\"font-family: 'Times New Roman', serif;\">A tan\u00e1cskoz\u00e1s folytat\u00e1sa (plen\u00e1ris \u00fcl\u00e9s, vita)<\/span><\/p>\n<p><span style=\"font-family: 'Times New Roman', serif;\">Eln\u00f6k\u00f6l: <\/span><span style=\"font-family: 'Times New Roman', serif;\"><b>Mezey Katalin, Vasy G\u00e9za<\/b><\/span><\/p>\n<p><span style=\"font-family: 'Times New Roman', serif;\">El\u0151ad\u00f3: <\/span><span style=\"font-family: 'Times New Roman', serif;\"><b>Lezs\u00e1k S\u00e1ndor, M\u00e1rkus B\u00e9la, Petrik B\u00e9la, Pozsgay Imre, T\u00f3falvi Zolt\u00e1n<\/b><\/span><span style=\"font-family: 'Times New Roman', serif;\">, <\/span><span style=\"font-family: 'Times New Roman', serif;\"><b>T\u0151k\u00e9s L\u00e1szl\u00f3<\/b><\/span><\/p>\n<p>&nbsp;<\/p>\n<p><span style=\"font-family: 'Times New Roman', serif;\"><b>12:30<\/b><\/span><\/p>\n<p><span style=\"font-family: 'Times New Roman', serif;\">Eb\u00e9d<\/span><\/p>\n<p>&nbsp;<\/p>\n<p><span style=\"font-family: 'Times New Roman', serif;\"><b>14.00<\/b><\/span><span style=\"font-family: 'Times New Roman', serif;\">\u00a0<\/span><\/p>\n<p><span style=\"font-family: 'Times New Roman', serif;\">TOKAJI FERNENC GIMN\u00c1ZIUM \u00e9s KOLL\u00c9GIUM<\/span><\/p>\n<p><span style=\"font-family: 'Times New Roman', serif;\">Munkacsoport-\u00fcl\u00e9sek<\/span><\/p>\n<p>\u25cf <span style=\"font-family: 'Times New Roman', serif;\"><b>Rendszerv\u00e1lt\u00f3 irodalom, \u00e9rtelmis\u00e9gi tal\u00e1lkoz\u00f3k<\/b><\/span><\/p>\n<p><span style=\"font-family: 'Times New Roman', serif;\">Vezeti: <\/span><span style=\"font-family: 'Times New Roman', serif;\"><b>J\u00e1nosi Zolt\u00e1n<\/b><\/span><span style=\"font-family: 'Times New Roman', serif;\"> El\u0151ad\u00f3: <\/span><span style=\"font-family: 'Times New Roman', serif;\"><b>Farkas G\u00e1bor, Gy\u0151rffy G\u00e1bor, Lezs\u00e1k S\u00e1ndor, Pozsgay Imre, T\u0151k\u00e9s L\u00e1szl\u00f3<\/b><\/span><\/p>\n<p>\u25cf <span style=\"font-family: 'Times New Roman', serif;\"><b>A polg\u00e1ri-demokratikus \u00e1talakul\u00e1s filoz\u00f3fi\u00e1i \u00e9s az irodalom v\u00e1ltoz\u00e1sai<\/b><\/span><\/p>\n<p><span style=\"font-family: 'Times New Roman', serif;\">Vezeti: <\/span><span style=\"font-family: 'Times New Roman', serif;\"><b>Tell\u00e9r Gyula<\/b><\/span><span style=\"font-family: 'Times New Roman', serif;\">\u00a0 El\u0151ad\u00f3: <\/span><span style=\"font-family: 'Times New Roman', serif;\"><b>Ferdinandy Gy\u00f6rgy, Elek Tibor, Kukorelly Endre<\/b><\/span><\/p>\n<p>\u25cf <span style=\"font-family: 'Times New Roman', serif;\"><b>Foly\u00f3iratok, kiad\u00f3k, m\u0171helyek indul\u00e1sa 1989 k\u00f6r\u00fcl<\/b><\/span><\/p>\n<p><span style=\"font-family: 'Times New Roman', serif;\">Vezeti: <\/span><span style=\"font-family: 'Times New Roman', serif;\"><b>\u00c1cs Margit <\/b><\/span><span style=\"font-family: 'Times New Roman', serif;\">El\u0151ad\u00f3: <\/span><span style=\"font-family: 'Times New Roman', serif;\"><b>Ol\u00e1h J\u00e1nos, Papp Endre, Turcs\u00e1ny P\u00e9ter<\/b><\/span><\/p>\n<p>&nbsp;<\/p>\n<p><span style=\"font-family: 'Times New Roman', serif;\"><b>16:30<\/b><\/span><\/p>\n<p><span style=\"font-family: 'Times New Roman', serif;\">TOKAJI FERENC GIMN\u00c1ZIUM, aula<\/span><\/p>\n<p><span style=\"font-family: 'Times New Roman', serif;\"><b>Vend\u00e9geink Lengyelorsz\u00e1gb\u00f3l<\/b><\/span><\/p>\n<p><span style=\"font-family: 'Times New Roman', serif;\"><b>Sergiusz Sterna-Wachowiak<\/b><\/span><span style=\"font-family: 'Times New Roman', serif;\">, a Lengyel \u00cdr\u00f3k T\u00e1rsas\u00e1g\u00e1nak eln\u00f6ke,<\/span><\/p>\n<p><span style=\"font-family: 'Times New Roman', serif;\"><b>Boguslaw Wr\u00f3blewski<\/b><\/span><span style=\"font-family: 'Times New Roman', serif;\">, a lublini Akcent foly\u00f3irat f\u0151szerkeszt\u0151je,<\/span><\/p>\n<p><span style=\"font-family: 'Times New Roman', serif;\"><b>Jerzy Snopek<\/b><\/span><span style=\"font-family: 'Times New Roman', serif;\"> m\u0171ford\u00edt\u00f3<\/span><\/p>\n<p>\u201e<span style=\"font-family: 'Times New Roman', serif;\"><b>Jeszcze blizej\u201d (M\u00e9g k\u00f6zelebb)<\/b><\/span><span style=\"font-family: 'Times New Roman', serif;\"> c\u00edm\u0171, lengyel nyelv\u0171 magyar antol\u00f3gia bemutat\u00e1sa<\/span><\/p>\n<p><span style=\"font-family: 'Times New Roman', serif;\">Moder\u00e1tor: <\/span><span style=\"font-family: 'Times New Roman', serif;\"><b>Kov\u00e1cs Istv\u00e1n<\/b><\/span><\/p>\n<p>&nbsp;<\/p>\n<p><span style=\"font-family: 'Times New Roman', serif;\"><b>17:30<\/b><\/span><\/p>\n<p><span style=\"font-family: 'Times New Roman', serif;\">Aut\u00f3busz indul Tiszalad\u00e1nyba<\/span><\/p>\n<p>&nbsp;<\/p>\n<p><span style=\"font-family: 'Times New Roman', serif;\"><b>18:00<\/b><\/span><\/p>\n<p><span style=\"font-family: 'Times New Roman', serif;\">TISZALAD\u00c1NY, GY\u0150RI ELEK H\u00c1Z \u2013 Irodalmi est<\/span><\/p>\n<p><span style=\"font-family: 'Times New Roman', serif;\">H\u00e1zigazda: <\/span><span style=\"font-family: 'Times New Roman', serif;\"><b>Liszkai Ferenc<\/b><\/span><span style=\"font-family: 'Times New Roman', serif;\"> polg\u00e1rmester<\/span><\/p>\n<p><span style=\"font-family: 'Times New Roman', serif;\">K\u00f6sz\u00f6nt\u0151: <\/span><span style=\"font-family: 'Times New Roman', serif;\"><b>Szentm\u00e1rtoni J\u00e1nos<\/b><\/span><span style=\"font-family: 'Times New Roman', serif;\"> eln\u00f6k<\/span><\/p>\n<p><span style=\"font-family: 'Times New Roman', serif;\">Eml\u00e9kez\u00e9s a 25 \u00e9ve elhunyt <\/span><span style=\"font-family: 'Times New Roman', serif;\"><b>Ratk\u00f3 J\u00f3zsef<\/b><\/span><span style=\"font-family: 'Times New Roman', serif;\"> k\u00f6lt\u0151re<\/span><\/p>\n<p><span style=\"font-family: 'Times New Roman', serif;\">Besz\u00e9det mond: <\/span><span style=\"font-family: 'Times New Roman', serif;\"><b>J\u00e1nosi Zolt\u00e1n<\/b><\/span><span style=\"font-family: 'Times New Roman', serif;\"> irodalomt\u00f6rt\u00e9n\u00e9sz<\/span><\/p>\n<p><span style=\"font-family: 'Times New Roman', serif;\">K\u00f6zrem\u0171k\u00f6dik: <\/span><span style=\"font-family: 'Times New Roman', serif;\"><b>Kubik Anna<\/b><\/span><span style=\"font-family: 'Times New Roman', serif;\"> sz\u00ednm\u0171v\u00e9sz<\/span><\/p>\n<p><span style=\"font-family: 'Times New Roman', serif;\">Koszor\u00fa elhelyez\u00e9se az irodalmi eml\u00e9kfaln\u00e1l<\/span><\/p>\n<p>&nbsp;<\/p>\n<p><span style=\"font-family: 'Times New Roman', serif;\"><b>19:30<\/b><\/span><\/p>\n<p><span style=\"font-family: 'Times New Roman', serif;\">Vacsora<\/span><\/p>\n<p>&nbsp;<\/p>\n<p><span style=\"font-family: 'Times New Roman', serif;\"><b>20:30<\/b><\/span><\/p>\n<p><span style=\"font-family: 'Times New Roman', serif;\">KOLL\u00c9GIUMI KERT<\/span><\/p>\n<p><span style=\"font-family: 'Times New Roman', serif;\"><b>Tokaji est\u00e9k II.<\/b><\/span><\/p>\n<p><span style=\"font-family: 'Times New Roman', serif;\">Bemutatkozik az <\/span><span style=\"font-family: 'Times New Roman', serif;\"><b>EGY\u00dcTT<\/b><\/span><span style=\"font-family: 'Times New Roman', serif;\"> \u00e9s a <\/span><span style=\"font-family: 'Times New Roman', serif;\"><b>HITEL<\/b><\/span><span style=\"font-family: 'Times New Roman', serif;\"> foly\u00f3irat<\/span><\/p>\n<p><span style=\"font-family: 'Times New Roman', serif;\">F\u0151szerkeszt\u0151, felel\u0151s szerkeszt\u0151: <\/span><span style=\"font-family: 'Times New Roman', serif;\"><b>V\u00e1ri F\u00e1bi\u00e1n L\u00e1szl\u00f3, Papp Endre<\/b><\/span><\/p>\n<p><span style=\"font-family: 'Times New Roman', serif;\">K\u00f6zrem\u0171k\u00f6dik: <\/span><span style=\"font-family: 'Times New Roman', serif;\"><b>Csord\u00e1s L\u00e1szl\u00f3, Dupka Gy\u00f6rgy, Falusi M\u00e1rton, Nagy Andr\u00e1s, Nagy G\u00e1bor<\/b><\/span><\/p>\n<p><span style=\"font-family: 'Times New Roman', serif;\">H\u00e1zigazda: <\/span><span style=\"font-family: 'Times New Roman', serif;\"><b>Sturm L\u00e1szl\u00f3<\/b><\/span><\/p>\n<p>&nbsp;<\/p>\n<p><span style=\"font-family: 'Times New Roman', serif;\"><b>21:30<\/b><\/span><\/p>\n<p><span style=\"font-family: 'Times New Roman', serif;\"><b>Bork\u00f3stol\u00f3 \u2013 Tokaj Keresked\u0151h\u00e1z<\/b><\/span><span style=\"font-family: 'Times New Roman', serif;\"> (Tolcsva)<\/span><\/p>\n<p><span style=\"font-family: 'Times New Roman', serif;\">Vend\u00e9g: <\/span><span style=\"font-family: 'Times New Roman', serif;\"><b>\u00c1ts K\u00e1roly<\/b><\/span><span style=\"font-family: 'Times New Roman', serif;\"> f\u0151bor\u00e1sz<\/span><\/p>\n<p><span style=\"font-family: 'Times New Roman', serif;\">K\u00f6zrem\u0171k\u00f6dik: <\/span><span style=\"font-family: 'Times New Roman', serif;\"><b>Kubik Anna<\/b><\/span><span style=\"font-family: 'Times New Roman', serif;\"> sz\u00ednm\u0171v\u00e9sz<\/span><\/p>\n<p><span style=\"font-family: 'Times New Roman', serif;\">H\u00e1zigazda: <\/span><span style=\"font-family: 'Times New Roman', serif;\"><b>M\u00e1jer J\u00e1nos<\/b><\/span><span style=\"font-family: 'Times New Roman', serif;\"> polg\u00e1rmester<\/span><\/p>\n<p>&nbsp;<\/p>\n<p>&nbsp;<\/p>\n<p>&nbsp;<\/p>\n<p>&nbsp;<\/p>\n<p><span style=\"font-family: 'Times New Roman', serif;\"><u><b>2014. augusztus 15. p\u00e9ntek<\/b><\/u><\/span><\/p>\n<p>&nbsp;<\/p>\n<p>&nbsp;<\/p>\n<p><span style=\"font-family: 'Times New Roman', serif;\"><b>7.00<\/b><\/span><\/p>\n<p><span style=\"font-family: 'Times New Roman', serif;\">Reggeli<\/span><\/p>\n<p>&nbsp;<\/p>\n<p><span style=\"font-family: 'Times New Roman', serif;\"><b>9:00<\/b><\/span><\/p>\n<p><span style=\"font-family: 'Times New Roman', serif;\">MILLENNIUMI IRODALMI EML\u00c9KPARK<\/span><\/p>\n<p><span style=\"font-family: 'Times New Roman', serif;\">T\u00e1blaavat\u00e1s <\/span><span style=\"font-family: 'Times New Roman', serif;\"><b>We\u00f6res S\u00e1ndor<\/b><\/span><span style=\"font-family: 'Times New Roman', serif;\"> \u00e9s <\/span><span style=\"font-family: 'Times New Roman', serif;\"><b>Hat\u00e1r Gy\u0151z\u0151<\/b><\/span><span style=\"font-family: 'Times New Roman', serif;\"> eml\u00e9k\u00e9re<\/span><\/p>\n<p><span style=\"font-family: 'Times New Roman', serif;\">Alkot\u00f3: <\/span><span style=\"font-family: 'Times New Roman', serif;\"><b>Ol\u00e1h Katalin, Ol\u00e1h M\u00e1ty\u00e1s L\u00e1szl\u00f3<\/b><\/span><span style=\"font-family: 'Times New Roman', serif;\"> szobr\u00e1szok<\/span><\/p>\n<p><span style=\"font-family: 'Times New Roman', serif;\">H\u00e1zigazda: <\/span><span style=\"font-family: 'Times New Roman', serif;\"><b>M\u00e1jer J\u00e1nos<\/b><\/span><span style=\"font-family: 'Times New Roman', serif;\"> polg\u00e1rmester<\/span><\/p>\n<p><span style=\"font-family: 'Times New Roman', serif;\">Laud\u00e1ci\u00f3: <\/span><span style=\"font-family: 'Times New Roman', serif;\"><b>K\u00f6d\u00f6b\u00f6cz G\u00e1bor, Szakolczay Lajos<\/b><\/span><\/p>\n<p><span style=\"font-family: 'Times New Roman', serif;\">K\u00f6zrem\u0171k\u00f6dik: <\/span><span style=\"font-family: 'Times New Roman', serif;\"><b>Kubik Anna<\/b><\/span><span style=\"font-family: 'Times New Roman', serif;\"> sz\u00ednm\u0171v\u00e9sz<\/span><\/p>\n<p>&nbsp;<\/p>\n<p>&nbsp;<\/p>\n<p>&nbsp;<\/p>\n<p><span style=\"font-family: 'Times New Roman', serif;\"><b>9:30<\/b><\/span><\/p>\n<p><span style=\"font-family: 'Times New Roman', serif;\">TOKAJI FERENC GIMN\u00c1ZIUM, aula<\/span><\/p>\n<p><span style=\"font-family: 'Times New Roman', serif;\">A tan\u00e1cskoz\u00e1s befejez\u00e9se (plen\u00e1ris \u00fcl\u00e9s)<\/span><\/p>\n<p><span style=\"font-family: 'Times New Roman', serif;\">Eln\u00f6k\u00f6l: <\/span><span style=\"font-family: 'Times New Roman', serif;\"><b>Sturm L\u00e1szl\u00f3<\/b><\/span><\/p>\n<p><span style=\"font-family: 'Times New Roman', serif;\">El\u0151ad\u00f3: <\/span><span style=\"font-family: 'Times New Roman', serif;\"><b>S\u00e1rk\u00f6zy P\u00e9ter, L. Simon L\u00e1szl\u00f3, Sz\u0151cs G\u00e9za, Vathy Zsuzsa<\/b><\/span><\/p>\n<p><span style=\"font-family: 'Times New Roman', serif;\">\u00d6sszegz\u00e9s, eln\u00f6ki z\u00e1rsz\u00f3: <\/span><span style=\"font-family: 'Times New Roman', serif;\"><b>Szentm\u00e1rtoni J\u00e1nos<\/b><\/span><\/p>\n<p>&nbsp;<\/p>\n<p><span style=\"font-family: 'Times New Roman', serif;\"><b>11:30<\/b><\/span><\/p>\n<p><span style=\"font-family: 'Times New Roman', serif;\">II. R\u00c1K\u00d3CZI FERENC \u00c1LTAL\u00c1NOS ISKOLA, aula<\/span><\/p>\n<p><span style=\"font-family: 'Times New Roman', serif;\">Fogad\u00e1s<\/span><\/p>\n<p><span style=\"font-family: 'Times New Roman', serif;\">H\u00e1zigazda: <\/span><span style=\"font-family: 'Times New Roman', serif;\"><b>Szentm\u00e1rtoni J\u00e1nos<\/b><\/span><\/p>\n<p><span style=\"font-family: 'Times New Roman', serif;\">\u00cdr\u00f3t\u00e1bori d\u00edjak, elismer\u00e9sek \u00e1tad\u00e1sa<\/span><\/p>\n<p><span style=\"font-family: 'Times New Roman', serif;\">Laud\u00e1ci\u00f3<\/span><\/p>\n<p><span style=\"font-family: 'Times New Roman', serif;\">Poh\u00e1rk\u00f6sz\u00f6nt\u0151<\/span><\/p>\n<p><span style=\"font-family: 'Times New Roman', serif;\">Z\u00e1rsz\u00f3<\/span><\/p>\n","protected":false},"excerpt":{"rendered":"<p>2014. augusztus 13-15. &nbsp; \u201eNAGY J\u00d6V\u0150 M\u00d6G\u00d6TT\u00dcNK\u201d\u00a0\u00a0\u2013\u00a0 Elhallgatva \u00e9s elfelejtve &nbsp; &nbsp; 2014. augusztus 13. szerda &nbsp; 11:00 R\u00c1K\u00d3CZI-PINCE \u00cdr\u00f3t\u00e1bor 2014 Megnyitja: Szentm\u00e1rtoni J\u00e1nos eln\u00f6k K\u00f6sz\u00f6nt\u0151: M\u00e1jer J\u00e1nos polg\u00e1rmester K\u00f6zrem\u0171k\u00f6dik: Kubik Anna sz\u00ednm\u0171v\u00e9sz H\u00e1zigazda: Kov\u00e1cs Tibor birtokigazgat\u00f3 &nbsp; 11:45 TOKAJ&#8230;<\/p>\n","protected":false},"author":1,"featured_media":3889,"comment_status":"closed","ping_status":"closed","sticky":false,"template":"","format":"standard","meta":{"footnotes":""},"categories":[1],"tags":[103],"class_list":["post-3888","post","type-post","status-publish","format-standard","has-post-thumbnail","hentry","category-hirek","tag-irotabor-2014"],"_links":{"self":[{"href":"https:\/\/tokajiirotabor.hu\/irotabor_archiv\/wp-json\/wp\/v2\/posts\/3888"}],"collection":[{"href":"https:\/\/tokajiirotabor.hu\/irotabor_archiv\/wp-json\/wp\/v2\/posts"}],"about":[{"href":"https:\/\/tokajiirotabor.hu\/irotabor_archiv\/wp-json\/wp\/v2\/types\/post"}],"author":[{"embeddable":true,"href":"https:\/\/tokajiirotabor.hu\/irotabor_archiv\/wp-json\/wp\/v2\/users\/1"}],"replies":[{"embeddable":true,"href":"https:\/\/tokajiirotabor.hu\/irotabor_archiv\/wp-json\/wp\/v2\/comments?post=3888"}],"version-history":[{"count":1,"href":"https:\/\/tokajiirotabor.hu\/irotabor_archiv\/wp-json\/wp\/v2\/posts\/3888\/revisions"}],"predecessor-version":[{"id":3890,"href":"https:\/\/tokajiirotabor.hu\/irotabor_archiv\/wp-json\/wp\/v2\/posts\/3888\/revisions\/3890"}],"wp:featuredmedia":[{"embeddable":true,"href":"https:\/\/tokajiirotabor.hu\/irotabor_archiv\/wp-json\/wp\/v2\/media\/3889"}],"wp:attachment":[{"href":"https:\/\/tokajiirotabor.hu\/irotabor_archiv\/wp-json\/wp\/v2\/media?parent=3888"}],"wp:term":[{"taxonomy":"category","embeddable":true,"href":"https:\/\/tokajiirotabor.hu\/irotabor_archiv\/wp-json\/wp\/v2\/categories?post=3888"},{"taxonomy":"post_tag","embeddable":true,"href":"https:\/\/tokajiirotabor.hu\/irotabor_archiv\/wp-json\/wp\/v2\/tags?post=3888"}],"curies":[{"name":"wp","href":"https:\/\/api.w.org\/{rel}","templated":true}]}}