{"id":3869,"date":"2011-01-21T12:50:56","date_gmt":"2011-01-21T11:50:56","guid":{"rendered":"http:\/\/www.tokajiirotabor.hu\/?p=3869"},"modified":"2016-06-12T12:54:50","modified_gmt":"2016-06-12T11:54:50","slug":"magyar-kultura-napja-2011-tokaj","status":"publish","type":"post","link":"https:\/\/tokajiirotabor.hu\/irotabor_archiv\/magyar-kultura-napja-2011-tokaj\/","title":{"rendered":"MAGYAR KULT\u00daRA NAPJA 2011. TOKAJ"},"content":{"rendered":"<p>Tokaj v\u00e1ros \u00d6nkorm\u00e1nyzata \u00e9s a Tokaji \u00cdr\u00f3t\u00e1bor Egyes\u00fclet k\u00f6z\u00f6sen tartott \u00fcnnepi megeml\u00e9kez\u00e9st a Magyar Kult\u00fara Napj\u00e1n a\u00a0Tokaji Kultur\u00e1lis \u00e9s Konferencia K\u00f6zpontban. A rendezv\u00e9nyt M\u00e1jer J\u00e1nos Tokaj v\u00e1ros polg\u00e1rmestere nyitotta meg<span style=\"color: #ff0000;\">.<\/span> A Himnuszt Blask\u00f3 P\u00e9ter\u00a0J\u00e1szai-d\u00edjas sz\u00ednm\u0171v\u00e9sz szavalta. Dr. Kov\u00e1cs J\u00e1nos megyei f\u0151jegyz\u0151 \u00e9s Mezey Katalin kurat\u00f3riumi eln\u00f6k m\u00e9ltatta a magyar kult\u00fara napj\u00e1t. A koncerten Pless Attila zongoram\u0171v\u00e9sz \u00e9s a Tokaji Ferenc Gimn\u00e1zium ifj\u00fas\u00e1gi- \u00e9s Tokaj V\u00e1ros Vegyeskara l\u00e9pett fel..<\/p>\n<p><a href=\"http:\/\/www.tokajiirotabor.hu\/2011\/esemeny\/20110122mkn\/mezey\/\">Mezey Katalin<\/a> \u00e9s <a href=\"http:\/\/www.tokajiirotabor.hu\/2011\/esemeny\/20110122mkn\/kovacs\/\">Dr. Kov\u00e1cs J\u00e1nos<\/a> k\u00f6sz\u00f6nt\u0151je.<\/p>\n","protected":false},"excerpt":{"rendered":"<p>Tokaj v\u00e1ros \u00d6nkorm\u00e1nyzata \u00e9s a Tokaji \u00cdr\u00f3t\u00e1bor Egyes\u00fclet k\u00f6z\u00f6sen tartott \u00fcnnepi megeml\u00e9kez\u00e9st a Magyar Kult\u00fara Napj\u00e1n a\u00a0Tokaji Kultur\u00e1lis \u00e9s Konferencia K\u00f6zpontban. A rendezv\u00e9nyt M\u00e1jer J\u00e1nos Tokaj v\u00e1ros polg\u00e1rmestere nyitotta meg. A Himnuszt Blask\u00f3 P\u00e9ter\u00a0J\u00e1szai-d\u00edjas sz\u00ednm\u0171v\u00e9sz szavalta. Dr. Kov\u00e1cs J\u00e1nos megyei&#8230;<\/p>\n","protected":false},"author":1,"featured_media":3871,"comment_status":"closed","ping_status":"closed","sticky":false,"template":"","format":"standard","meta":{"footnotes":""},"categories":[105],"tags":[106],"class_list":["post-3869","post","type-post","status-publish","format-standard","has-post-thumbnail","hentry","category-archivum","tag-a-magyar-kultura-napja-tokajban"],"_links":{"self":[{"href":"https:\/\/tokajiirotabor.hu\/irotabor_archiv\/wp-json\/wp\/v2\/posts\/3869"}],"collection":[{"href":"https:\/\/tokajiirotabor.hu\/irotabor_archiv\/wp-json\/wp\/v2\/posts"}],"about":[{"href":"https:\/\/tokajiirotabor.hu\/irotabor_archiv\/wp-json\/wp\/v2\/types\/post"}],"author":[{"embeddable":true,"href":"https:\/\/tokajiirotabor.hu\/irotabor_archiv\/wp-json\/wp\/v2\/users\/1"}],"replies":[{"embeddable":true,"href":"https:\/\/tokajiirotabor.hu\/irotabor_archiv\/wp-json\/wp\/v2\/comments?post=3869"}],"version-history":[{"count":1,"href":"https:\/\/tokajiirotabor.hu\/irotabor_archiv\/wp-json\/wp\/v2\/posts\/3869\/revisions"}],"predecessor-version":[{"id":3870,"href":"https:\/\/tokajiirotabor.hu\/irotabor_archiv\/wp-json\/wp\/v2\/posts\/3869\/revisions\/3870"}],"wp:featuredmedia":[{"embeddable":true,"href":"https:\/\/tokajiirotabor.hu\/irotabor_archiv\/wp-json\/wp\/v2\/media\/3871"}],"wp:attachment":[{"href":"https:\/\/tokajiirotabor.hu\/irotabor_archiv\/wp-json\/wp\/v2\/media?parent=3869"}],"wp:term":[{"taxonomy":"category","embeddable":true,"href":"https:\/\/tokajiirotabor.hu\/irotabor_archiv\/wp-json\/wp\/v2\/categories?post=3869"},{"taxonomy":"post_tag","embeddable":true,"href":"https:\/\/tokajiirotabor.hu\/irotabor_archiv\/wp-json\/wp\/v2\/tags?post=3869"}],"curies":[{"name":"wp","href":"https:\/\/api.w.org\/{rel}","templated":true}]}}