{"id":3767,"date":"2014-10-26T10:33:53","date_gmt":"2014-10-26T09:33:53","guid":{"rendered":"http:\/\/www.tokajiirotabor.hu\/?p=3767"},"modified":"2016-06-02T10:35:50","modified_gmt":"2016-06-02T09:35:50","slug":"a-2014-evi-irotabor-beszamoloja","status":"publish","type":"post","link":"https:\/\/tokajiirotabor.hu\/irotabor_archiv\/a-2014-evi-irotabor-beszamoloja\/","title":{"rendered":"A 2014. \u00c9VI \u00cdR\u00d3T\u00c1BOR BESZ\u00c1MOL\u00d3JA"},"content":{"rendered":"<p style=\"text-align: justify;\"><a href=\"http:\/\/www.tokajiirotabor.hu\/wp-content\/uploads\/2016\/05\/tokaji_irotabor_600_275.jpg\"><img loading=\"lazy\" decoding=\"async\" class=\" wp-image-3675 alignleft\" src=\"http:\/\/www.tokajiirotabor.hu\/wp-content\/uploads\/2016\/05\/tokaji_irotabor_600_275.jpg\" alt=\"tokaji_irotabor_600_275\" width=\"412\" height=\"189\" srcset=\"https:\/\/tokajiirotabor.hu\/irotabor_archiv\/wp-content\/uploads\/2016\/05\/tokaji_irotabor_600_275.jpg 600w, https:\/\/tokajiirotabor.hu\/irotabor_archiv\/wp-content\/uploads\/2016\/05\/tokaji_irotabor_600_275-300x138.jpg 300w\" sizes=\"(max-width: 412px) 100vw, 412px\" \/><\/a>2012-ben nagy f\u00e1ba v\u00e1gta fejsz\u00e9j\u00e9t a Tokaji \u00cdr\u00f3t\u00e1bor Kurat\u00f3riuma, amikor <em>Eltiltva \u00e9s elfelejtve \u2013 A hallgat\u00e1s \u00e9s elhallgattat\u00e1s \u00e9vei a magyar irodalomban <\/em>c\u00edmmel elind\u00edtotta h\u00e1rom r\u00e9szes konferenciasorozat\u00e1t. Azon folyamatokat, \u00e9letm\u0171veket, m\u0171helyeket vizsg\u00e1ltuk, amelyeket hossz\u00fa \u00e9vtizedekre a hallgat\u00e1s k\u00f6vei k\u00f6z\u00e9 falazott a kommunista hatalom. M\u00edg els\u0151 alkalommal a h\u00e1bor\u00fa ut\u00e1ni k\u00e9t \u00e9vtized jelens\u00e9geit elemezt\u00fck, tavaly a 70-es \u00e9s 80-as \u00e9veket &#8211; addig id\u00e9n azokra a szellemi mozg\u00e1sokra, kultur\u00e1lis \u00e9s k\u00f6z\u00e9leti esem\u00e9nyekre \u00f6sszpontos\u00edtottunk, amelyek jelent\u0151sen hozz\u00e1j\u00e1rultak egy hazug \u00e9s m\u00e9rgez\u0151 korszak felsz\u00e1mol\u00e1s\u00e1hoz, \u00e9s egy \u201enagy j\u00f6v\u0151\u201d megteremt\u00e9s\u00e9hez, amely akkor is a mi\u00e9nk volt, ha ma m\u00e1r sz\u00e1mos hib\u00e1j\u00e1t is l\u00e1tjuk.<\/p>\n<p style=\"text-align: justify;\"><a id=\"tovabb\" name=\"tovabb\"><\/a><\/p>\n<p style=\"text-align: justify;\">\u00a0\u00a0\u00a0 Amikor hozz\u00e1kezdt\u00fcnk a munk\u00e1hoz, sok t\u00e1mad\u00e1s \u00e9rt minket, ami\u00e9rt \u00e1t akarjuk rajzolni a magyar irodalom kanonikus t\u00e9rk\u00e9p\u00e9t. Az\u00f3ta lecsillapodtak a ked\u00e9lyek, szeretn\u00e9nk hinni, hogy az\u00e9rt, mert a leghangosabb kritikusaink is bel\u00e1tt\u00e1k, hogy a Tokaji \u00cdr\u00f3t\u00e1bor nem valaminek az ellen\u00e9ben \u00fczent hadat a felejt\u00e9snek, hanem az\u00e9rt, hogy a magyar irodalom panteonj\u00e1ban lehet\u0151leg mindazoknak szor\u00edtsunk helyet, akik maradand\u00f3 \u00e9rt\u00e9keket hoztak l\u00e9tre. Azt is sikerk\u00e9nt k\u00f6nyvelj\u00fck el, hogy, tal\u00e1n hat\u00e1sunkra, m\u00e1s m\u0171helyek is hasonl\u00f3 t\u00e9m\u00e1kat \u00e9s probl\u00e9m\u00e1kat j\u00e1rtak k\u00f6rbe az elm\u00falt id\u0151szakban, mint p\u00e9ld\u00e1ul a Debreceni Irodalmi Napok vagy a K\u00f6nyves Sz\u00f6vets\u00e9g konferenci\u00e1ja.<\/p>\n<p style=\"text-align: justify;\">\u00a0\u00a0\u00a0 \u201eNagy j\u00f6v\u0151 m\u00f6g\u00f6tt\u00fcnk\u201d \u2013 ezt adtuk az idei tan\u00e1cskoz\u00e1sunk f\u0151c\u00edm\u00e9\u00fcl, amely a rendszerv\u00e1lt\u00e1s \u00e9veinek t\u00f6rt\u00e9n\u00e9seit t\u00e1rgyalta a t\u00f6rt\u00e9nelmi fordulat 25. \u00e9vfordul\u00f3j\u00e1n. Mit jelenthet eset\u00fcnkben ez a Kal\u00e1sz L\u00e1szl\u00f3-verssor? Sz\u00fcleink nemzed\u00e9k\u00e9nek egy olyan \u00e1lmot, amelyben sok\u00e1ig nem is mertek hinni. Hogy a diktat\u00fara f\u00f6l\u00f6tt bizony elj\u00e1r majd az id\u0151, k\u00e9t v\u00e1llra lehet fektetni, \u00e9s el lehet kezdeni egy \u00faj vil\u00e1g alapjainak a lerak\u00e1s\u00e1t. A verssorban persze ir\u00f3nia vibr\u00e1l, azt is sugallja, hogy bizony az a \u201ej\u00f6v\u0151\u201d m\u00e9gsem sikeredett annyira \u201enagyra\u201d. Mert, M\u00e1rai S\u00e1ndor gondolat\u00e1val \u00e9lve, \u201ev\u00e1gyaink a megval\u00f3sul\u00e1s pillanat\u00e1ban mindig eltorzulnak.\u201d<\/p>\n<p style=\"text-align: justify;\">\u00a0\u00a0\u00a0 \u00c9s mit jelenthet e verssor a mi nemzed\u00e9k\u00fcnknek, amely a fordulat \u00e9veiben csup\u00e1n kiskamasz kor\u00e1t \u00e9lte? Hogy ezt az \u00faj vil\u00e1got bizony id\u0151vel nek\u00fcnk kellett \u00e9s kell tov\u00e1bb \u00e9p\u00edten\u00fcnk, magunk m\u00f6g\u00f6tt hagyva a j\u00f6v\u0151b\u0151l mindazt, ami t\u00e9ved\u00e9s volt, abban viszont tov\u00e1bbra is hinni, ami \u201enagy\u201d \u00e9s nemes. De 25 \u00e9vvel a rendszerv\u00e1lt\u00e1s ut\u00e1n mi sem lehet\u00fcnk magunkkal marad\u00e9ktalanul el\u00e9gedettek, hiszen seg\u00e9dkezt\u00fcnk sz\u00e1mos k\u00e1ros folyamat kibontakoz\u00e1s\u00e1ban, mint p\u00e9ld\u00e1ul a kult\u00fara szempontjainak kiszor\u00edt\u00e1s\u00e1ban a k\u00f6z\u00e9letb\u0151l, az ideol\u00f3giai l\u00f6v\u00e9sz\u00e1rkok tov\u00e1bb m\u00e9ly\u00edt\u00e9s\u00e9ben, a m\u00e9dia glob\u00e1lis agymos\u00e1s\u00e1ban, a val\u00f3di \u00e9rt\u00e9kek megk\u00e9rd\u0151jelez\u00e9s\u00e9ben\u2026 Bakl\u00f6v\u00e9seink hozad\u00e9k\u00e1t m\u00e1r a mi gyermekeinken is megfigyelhetj\u00fck.<\/p>\n<p style=\"text-align: justify;\">\u00a0\u00a0\u00a0 De nem mutogathatunk egym\u00e1sra, hiszen a megbocs\u00e1t\u00e1s kell, hogy vezessen minket. Senki sem volt k\u00f6nny\u0171 helyzetben, mert egy k\u00e9nyszeraltat\u00e1sb\u00f3l \u00e9bredt t\u00e1rsadalmat kellett \u00fajra j\u00e1rni tan\u00edtani. S hogy bukd\u00e1csol m\u00e9g, az szinte term\u00e9szetes, hiszen a szabads\u00e1gnak is \u00e1ra \u00e9s t\u00e9tje van.<\/p>\n<p style=\"text-align: justify;\">A 42. Tokaji \u00cdr\u00f3t\u00e1bor programja ism\u00e9t kiad\u00f3s \u00e9s sokr\u00e9t\u0171 volt. Ha m\u00e9rleget k\u00e9sz\u00edt\u00fcnk, legegyszer\u0171bb a sz\u00e1mokat seg\u00edts\u00e9g\u00fcl h\u00edvni. K\u00e9t \u00e9s f\u00e9l nap alatt t\u00f6bb, mint 40 el\u0151ad\u00e1s hangzott el. Az \u00edr\u00f3t\u00e1bornak 239 regisztr\u00e1lt r\u00e9sztvev\u0151je volt.<\/p>\n<p style=\"text-align: justify;\">\u00a0\u00a0\u00a0 K\u00e9t nyilv\u00e1nos irodalmi estet szervezt\u00fcnk: az egyik egy Radn\u00f3ti-versekb\u0151l k\u00e9sz\u00fclt dr\u00e1mai \u00f6ssze\u00e1ll\u00edt\u00e1s volt a tokaji Paulay Ede Sz\u00ednh\u00e1zban. A m\u00e1sikat a Tokajjal szomsz\u00e9dos Tiszalad\u00e1nyban tartottuk: a 25 \u00e9ve elhunyt Ratk\u00f3 J\u00f3zsef k\u00f6lt\u00e9szet\u00e9t id\u00e9zt\u00fck fel.<\/p>\n<p style=\"text-align: justify;\">\u00a0\u00a0\u00a0 Az \u00edr\u00f3t\u00e1bor sor\u00e1n k\u00e9t ki\u00e1ll\u00edt\u00e1s ny\u00edlt meg: a Tokaji Ferenc Gimn\u00e1zium el\u0151csarnok\u00e1ban S\u00e1ray \u00c1kos fot\u00f3it l\u00e1thatta a k\u00f6z\u00f6ns\u00e9g, amelyek a t\u00e1bor elm\u00falt h\u00fasz \u00e9v\u00e9nek eml\u00e9kezetes vagy \u00e9pp elkapott pillanatait t\u00e1rt\u00e1k el\u00e9nk. A Paulay Ede Sz\u00ednh\u00e1z el\u0151csarnok\u00e1ban ny\u00edlt meg rendez\u00e9s\u00fcnkben az <em>Egy m\u0171v\u00e9szcsal\u00e1d eml\u00e9kezete <\/em>c\u00edm\u0171 t\u00e1rlat. Hat nagy tabl\u00f3ja Thur\u00f3czy Gergely irodalmi muzeol\u00f3gus, a PIM munkat\u00e1rsa szak\u00e9rtelm\u00e9t dics\u00e9ri: a k\u00e9pes \u00f6ssze\u00e1ll\u00edt\u00e1sok az Osv\u00e1t &#8211; B\u00e1lint \u2013 Szerb csal\u00e1d tagjait mutatt\u00e1k be, \u00e9letrajzokkal, dokumentumokkal, fot\u00f3kkal \u00e9s m\u0171veikb\u0151l vett id\u00e9zetekkel, n\u00e9gy t\u00e1rl\u00f3ban pedig k\u00f6nyvek, illusztr\u00e1ci\u00f3k \u00e9s reprodukci\u00f3k sorakoztak. A \u201eszakm\u00e1ban\u201d is csak kevesen tudj\u00e1k, hogy a Nyugat szerkeszt\u0151je, Osv\u00e1t Ern\u0151, az erd\u00e9lyi foly\u00f3irat szerkeszt\u0151, Osv\u00e1t K\u00e1lm\u00e1n, tov\u00e1bb\u00e1 B\u00e1lint Alad\u00e1r m\u0171v\u00e9szeti \u00edr\u00f3, B\u00e1lint Endre fest\u0151m\u0171v\u00e9sz, Szerb Antal \u00edr\u00f3, irodalomt\u00f6rt\u00e9n\u00e9sz \u00e9s B\u00e1lint Istv\u00e1n k\u00f6lt\u0151 \u00e9s sz\u00ednh\u00e1zm\u0171v\u00e9sz egyetlen csal\u00e1d h\u00e1rom egym\u00e1st k\u00f6vet\u0151 gener\u00e1ci\u00f3j\u00e1nak a tagjai. A PIM-nek, a Kass\u00e1k M\u00fazeumnak, Szab\u00f3 Zsolt kolozsv\u00e1ri m\u0171vel\u0151d\u00e9st\u00f6rt\u00e9n\u00e9sznek \u00e9s Koll\u00e1r Bongolan Marianne-nak, n\u00e9hai B\u00e1lint Istv\u00e1n feles\u00e9g\u00e9nek k\u00f6sz\u00f6nhet\u0151 a sokr\u00e9t\u0171 dokumentumanyag. A Radn\u00f3ti-est \u00e9s a ki\u00e1ll\u00edt\u00e1s is a Holokauszt Eml\u00e9k\u00e9v esem\u00e9nyeinek sor\u00e1t gazdag\u00edtotta. Tokajban szeptember 13-ig tartott nyitva.<\/p>\n<p style=\"text-align: justify;\">\u00a0\u00a0\u00a0 Id\u00e9n h\u00e1rom magyar \u00e9s egy lengyel irodalmi foly\u00f3irat alkot\u00f3i mutatkoztak be: a k\u00e1rp\u00e1taljai EGY\u00dcTT, a budapesti HITEL \u00e9s a PARNASSZUS, valamint a lublini AKCENT f\u0151szerkeszt\u0151je \u00e9s szerz\u0151i olvastak fel \u00e9s besz\u00e9ltek munk\u00e1jukr\u00f3l az \u00edr\u00f3t\u00e1bor k\u00f6z\u00f6ns\u00e9ge el\u0151tt.<\/p>\n<p style=\"text-align: justify;\">\u00a0\u00a0\u00a0 V\u00e9g\u00fcl a Rem\u00e9nyi Ede Kamarazenekar augusztus 13-i estje sem maradhat eml\u00edt\u00e9s n\u00e9lk\u00fcl: <em>Korok t\u00e1ncai <\/em>c\u00edm\u0171 nyilv\u00e1nos koncertj\u00fcket a sz\u00ednh\u00e1zban rendezt\u00fck meg.<br \/>\nAz \u00edr\u00f3t\u00e1bor h\u00e9t helysz\u00edn\u00e9nek egyike id\u00e9n is a tokaji Millenniumi Irodalmi Eml\u00e9kpark volt, ahol k\u00e9t bronzdomborm\u0171vet avattunk: ezek a centen\u00e1riumukat \u00fcnnepl\u0151 We\u00f6res S\u00e1ndorr\u00f3l \u00e9s Hat\u00e1r Gy\u0151z\u0151r\u0151l k\u00e9sz\u00fcltek.<\/p>\n<p style=\"text-align: justify;\">\u00a0\u00a0\u00a0 A h\u00e1rom nap sor\u00e1n Kubik Anna Kossuth-d\u00edjas sz\u00ednm\u0171v\u00e9sz v\u00e9gig vel\u00fcnk dolgozott, vel\u00fcnk t\u00e1borozott: We\u00f6res S\u00e1ndor- \u00e9s Hat\u00e1r Gy\u0151z\u0151-verseket, egy sz\u00e9p Ratk\u00f3 J\u00f3zsef-\u00f6ssze\u00e1ll\u00edt\u00e1st halottunk t\u0151le, \u00e9s a Tokaj Keresked\u0151h\u00e1z bork\u00f3stol\u00f3j\u00e1n v\u00e9rb\u0151 borvers-v\u00e1logat\u00e1st adott el\u0151. Jelenl\u00e9te mindig felpezsd\u00edtette az esem\u00e9nyeket, \u00e1rnyalt, ihletett versmond\u00e1sa az idei \u00edr\u00f3t\u00e1bor sz\u00e9p eml\u00e9kei k\u00f6z\u00e9 tartozik.<\/p>\n<p>K\u00f6sz\u00f6nj\u00fck a Nemzeti Kultur\u00e1lis Alap, az EMMI, az MMA \u00e9s a NEA t\u00e1mogat\u00e1s\u00e1t, amely n\u00e9lk\u00fcl id\u00e9n nem siker\u00fclt volna annyi tartalommal megt\u00f6lteni a Tokaji \u00cdr\u00f3t\u00e1bort.<\/p>\n<p>&nbsp;<\/p>\n<p>Budapest, 2014. okt\u00f3ber<\/p>\n<p>&nbsp;<\/p>\n<p>&nbsp;<\/p>\n<p>Szentm\u00e1rtoni J\u00e1nos<\/p>\n<p>Mezey Katalin<\/p>\n","protected":false},"excerpt":{"rendered":"<p>2012-ben nagy f\u00e1ba v\u00e1gta fejsz\u00e9j\u00e9t a Tokaji \u00cdr\u00f3t\u00e1bor Kurat\u00f3riuma, amikor Eltiltva \u00e9s elfelejtve \u2013 A hallgat\u00e1s \u00e9s elhallgattat\u00e1s \u00e9vei a magyar irodalomban c\u00edmmel elind\u00edtotta h\u00e1rom r\u00e9szes konferenciasorozat\u00e1t. Azon folyamatokat, \u00e9letm\u0171veket, m\u0171helyeket vizsg\u00e1ltuk, amelyeket hossz\u00fa \u00e9vtizedekre a hallgat\u00e1s k\u00f6vei k\u00f6z\u00e9 falazott&#8230;<\/p>\n","protected":false},"author":1,"featured_media":3675,"comment_status":"closed","ping_status":"closed","sticky":false,"template":"","format":"standard","meta":{"footnotes":""},"categories":[1],"tags":[101,103],"class_list":["post-3767","post","type-post","status-publish","format-standard","has-post-thumbnail","hentry","category-hirek","tag-hirek","tag-irotabor-2014"],"_links":{"self":[{"href":"https:\/\/tokajiirotabor.hu\/irotabor_archiv\/wp-json\/wp\/v2\/posts\/3767"}],"collection":[{"href":"https:\/\/tokajiirotabor.hu\/irotabor_archiv\/wp-json\/wp\/v2\/posts"}],"about":[{"href":"https:\/\/tokajiirotabor.hu\/irotabor_archiv\/wp-json\/wp\/v2\/types\/post"}],"author":[{"embeddable":true,"href":"https:\/\/tokajiirotabor.hu\/irotabor_archiv\/wp-json\/wp\/v2\/users\/1"}],"replies":[{"embeddable":true,"href":"https:\/\/tokajiirotabor.hu\/irotabor_archiv\/wp-json\/wp\/v2\/comments?post=3767"}],"version-history":[{"count":2,"href":"https:\/\/tokajiirotabor.hu\/irotabor_archiv\/wp-json\/wp\/v2\/posts\/3767\/revisions"}],"predecessor-version":[{"id":3769,"href":"https:\/\/tokajiirotabor.hu\/irotabor_archiv\/wp-json\/wp\/v2\/posts\/3767\/revisions\/3769"}],"wp:featuredmedia":[{"embeddable":true,"href":"https:\/\/tokajiirotabor.hu\/irotabor_archiv\/wp-json\/wp\/v2\/media\/3675"}],"wp:attachment":[{"href":"https:\/\/tokajiirotabor.hu\/irotabor_archiv\/wp-json\/wp\/v2\/media?parent=3767"}],"wp:term":[{"taxonomy":"category","embeddable":true,"href":"https:\/\/tokajiirotabor.hu\/irotabor_archiv\/wp-json\/wp\/v2\/categories?post=3767"},{"taxonomy":"post_tag","embeddable":true,"href":"https:\/\/tokajiirotabor.hu\/irotabor_archiv\/wp-json\/wp\/v2\/tags?post=3767"}],"curies":[{"name":"wp","href":"https:\/\/api.w.org\/{rel}","templated":true}]}}