{"id":3765,"date":"2014-12-31T10:31:01","date_gmt":"2014-12-31T09:31:01","guid":{"rendered":"http:\/\/www.tokajiirotabor.hu\/?p=3765"},"modified":"2016-06-02T10:33:24","modified_gmt":"2016-06-02T09:33:24","slug":"elkoszont-a-tokaji-irotabor-szervezoje","status":"publish","type":"post","link":"https:\/\/tokajiirotabor.hu\/irotabor_archiv\/elkoszont-a-tokaji-irotabor-szervezoje\/","title":{"rendered":"ELK\u00d6SZ\u00d6NT A TOKAJI \u00cdR\u00d3T\u00c1BOR SZERVEZ\u0150JE"},"content":{"rendered":"<p><a href=\"http:\/\/www.tokajiirotabor.hu\/wp-content\/uploads\/2016\/05\/tokaji_irotabor_600_275.jpg\"><img loading=\"lazy\" decoding=\"async\" class=\"wp-image-3675 alignleft\" src=\"http:\/\/www.tokajiirotabor.hu\/wp-content\/uploads\/2016\/05\/tokaji_irotabor_600_275.jpg\" alt=\"tokaji_irotabor_600_275\" width=\"185\" height=\"85\" srcset=\"https:\/\/tokajiirotabor.hu\/irotabor_archiv\/wp-content\/uploads\/2016\/05\/tokaji_irotabor_600_275.jpg 600w, https:\/\/tokajiirotabor.hu\/irotabor_archiv\/wp-content\/uploads\/2016\/05\/tokaji_irotabor_600_275-300x138.jpg 300w\" sizes=\"(max-width: 185px) 100vw, 185px\" \/><\/a>S \u00e1 r a y L\u00e1szl\u00f3, a Tokaji \u00cdr\u00f3t\u00e1bor Egyes\u00fclet k\u00e9pvisel\u0151je, a kurat\u00f3rium titk\u00e1ra id\u00e9n tavasszal felment\u00e9s\u00e9t k\u00e9rte, eg\u00e9szs\u00e9gi okokra hivatkozva. A kurat\u00f3rium augusztusi tokaji \u00fcl\u00e9s\u00e9n elfogadta a k\u00e9relmet \u00e9s hozz\u00e1j\u00e1rult a felment\u00e9s 2014. december 31-i hat\u00e1ridej\u00e9hez. A titk\u00e1r nyilv\u00e1nos besz\u00e9de, amely augusztus 15-\u00e9n, a 42. \u00edr\u00f3t\u00e1bor z\u00e1r\u00f3-fogad\u00e1s\u00e1n hangzott el, most honlapunkon is olvashat\u00f3.<\/p>\n","protected":false},"excerpt":{"rendered":"<p>S \u00e1 r a y L\u00e1szl\u00f3, a Tokaji \u00cdr\u00f3t\u00e1bor Egyes\u00fclet k\u00e9pvisel\u0151je, a kurat\u00f3rium titk\u00e1ra id\u00e9n tavasszal felment\u00e9s\u00e9t k\u00e9rte, eg\u00e9szs\u00e9gi okokra hivatkozva. A kurat\u00f3rium augusztusi tokaji \u00fcl\u00e9s\u00e9n elfogadta a k\u00e9relmet \u00e9s hozz\u00e1j\u00e1rult a felment\u00e9s 2014. december 31-i hat\u00e1ridej\u00e9hez. A titk\u00e1r nyilv\u00e1nos&#8230;<\/p>\n","protected":false},"author":1,"featured_media":3675,"comment_status":"closed","ping_status":"closed","sticky":false,"template":"","format":"standard","meta":{"footnotes":""},"categories":[1],"tags":[101],"class_list":["post-3765","post","type-post","status-publish","format-standard","has-post-thumbnail","hentry","category-hirek","tag-hirek"],"_links":{"self":[{"href":"https:\/\/tokajiirotabor.hu\/irotabor_archiv\/wp-json\/wp\/v2\/posts\/3765"}],"collection":[{"href":"https:\/\/tokajiirotabor.hu\/irotabor_archiv\/wp-json\/wp\/v2\/posts"}],"about":[{"href":"https:\/\/tokajiirotabor.hu\/irotabor_archiv\/wp-json\/wp\/v2\/types\/post"}],"author":[{"embeddable":true,"href":"https:\/\/tokajiirotabor.hu\/irotabor_archiv\/wp-json\/wp\/v2\/users\/1"}],"replies":[{"embeddable":true,"href":"https:\/\/tokajiirotabor.hu\/irotabor_archiv\/wp-json\/wp\/v2\/comments?post=3765"}],"version-history":[{"count":1,"href":"https:\/\/tokajiirotabor.hu\/irotabor_archiv\/wp-json\/wp\/v2\/posts\/3765\/revisions"}],"predecessor-version":[{"id":3766,"href":"https:\/\/tokajiirotabor.hu\/irotabor_archiv\/wp-json\/wp\/v2\/posts\/3765\/revisions\/3766"}],"wp:featuredmedia":[{"embeddable":true,"href":"https:\/\/tokajiirotabor.hu\/irotabor_archiv\/wp-json\/wp\/v2\/media\/3675"}],"wp:attachment":[{"href":"https:\/\/tokajiirotabor.hu\/irotabor_archiv\/wp-json\/wp\/v2\/media?parent=3765"}],"wp:term":[{"taxonomy":"category","embeddable":true,"href":"https:\/\/tokajiirotabor.hu\/irotabor_archiv\/wp-json\/wp\/v2\/categories?post=3765"},{"taxonomy":"post_tag","embeddable":true,"href":"https:\/\/tokajiirotabor.hu\/irotabor_archiv\/wp-json\/wp\/v2\/tags?post=3765"}],"curies":[{"name":"wp","href":"https:\/\/api.w.org\/{rel}","templated":true}]}}