{"id":3763,"date":"2015-01-22T10:27:03","date_gmt":"2015-01-22T09:27:03","guid":{"rendered":"http:\/\/www.tokajiirotabor.hu\/?p=3763"},"modified":"2016-06-02T10:30:05","modified_gmt":"2016-06-02T09:30:05","slug":"magyar-kultura-napja-2015-tokaj","status":"publish","type":"post","link":"https:\/\/tokajiirotabor.hu\/irotabor_archiv\/magyar-kultura-napja-2015-tokaj\/","title":{"rendered":"MAGYAR KULT\u00daRA NAPJA 2015 &#8211; TOKAJ"},"content":{"rendered":"<p><img loading=\"lazy\" decoding=\"async\" class=\" wp-image-3675 alignleft\" src=\"http:\/\/www.tokajiirotabor.hu\/wp-content\/uploads\/2016\/05\/tokaji_irotabor_600_275.jpg\" alt=\"tokaji_irotabor_600_275\" width=\"194\" height=\"89\" srcset=\"https:\/\/tokajiirotabor.hu\/irotabor_archiv\/wp-content\/uploads\/2016\/05\/tokaji_irotabor_600_275.jpg 600w, https:\/\/tokajiirotabor.hu\/irotabor_archiv\/wp-content\/uploads\/2016\/05\/tokaji_irotabor_600_275-300x138.jpg 300w\" sizes=\"(max-width: 194px) 100vw, 194px\" \/>A v\u00e1ros \u00d6nkorm\u00e1nyzata, a Tokaji \u00cdr\u00f3t\u00e1bor Egyes\u00fclet \u00e9s a helyi kultur\u00e1lis int\u00e9zm\u00e9nyek \u00f6sszefog\u00e1s\u00e1val k\u00f6z\u00f6sen eml\u00e9kezt\u00fcnk meg a Himnusz sz\u00fclet\u00e9snapj\u00e1r\u00f3l. Nemzeti im\u00e1nkat Luk\u00e1cs G\u00e1bor sz\u00ednm\u0171v\u00e9sz tolm\u00e1csolta. Posta Gy\u00f6rgy polg\u00e1rmester k\u00f6sz\u00f6nt\u0151j\u00e9ben t\u00f6bbek k\u00f6z\u00f6tt a magyar kult\u00fara napj\u00e1nak t\u00f6rt\u00e9net\u00e9r\u0151l \u00a0\u00e9s az \u00edr\u00f3t\u00e1bor folytat\u00e1s\u00e1r\u00f3l, t\u00e1mogat\u00e1s\u00e1r\u00f3l sz\u00f3lt. Bertha Zolt\u00e1n J\u00f3zsef Attila-d\u00edjas irodalomt\u00f6rt\u00e9n\u00e9sz besz\u00e9de ut\u00e1n Tokaj v\u00e1ros Vegyeskara adott \u00fcnnepi m\u0171sort, v\u00e9g\u00fcl kit\u00fcntet\u00e9sek \u00e1tad\u00e1s\u00e1ra ker\u00fclt sor. Bertha Zolt\u00e1n el\u0151ad\u00e1sa honlapunkon is olvashat\u00f3.<\/p>\n","protected":false},"excerpt":{"rendered":"<p>A v\u00e1ros \u00d6nkorm\u00e1nyzata, a Tokaji \u00cdr\u00f3t\u00e1bor Egyes\u00fclet \u00e9s a helyi kultur\u00e1lis int\u00e9zm\u00e9nyek \u00f6sszefog\u00e1s\u00e1val k\u00f6z\u00f6sen eml\u00e9kezt\u00fcnk meg a Himnusz sz\u00fclet\u00e9snapj\u00e1r\u00f3l. Nemzeti im\u00e1nkat Luk\u00e1cs G\u00e1bor sz\u00ednm\u0171v\u00e9sz tolm\u00e1csolta. Posta Gy\u00f6rgy polg\u00e1rmester k\u00f6sz\u00f6nt\u0151j\u00e9ben t\u00f6bbek k\u00f6z\u00f6tt a magyar kult\u00fara napj\u00e1nak t\u00f6rt\u00e9net\u00e9r\u0151l \u00a0\u00e9s az \u00edr\u00f3t\u00e1bor folytat\u00e1s\u00e1r\u00f3l,&#8230;<\/p>\n","protected":false},"author":1,"featured_media":3675,"comment_status":"closed","ping_status":"closed","sticky":false,"template":"","format":"standard","meta":{"footnotes":""},"categories":[1],"tags":[101,102],"class_list":["post-3763","post","type-post","status-publish","format-standard","has-post-thumbnail","hentry","category-hirek","tag-hirek","tag-magyar-kultura-napja"],"_links":{"self":[{"href":"https:\/\/tokajiirotabor.hu\/irotabor_archiv\/wp-json\/wp\/v2\/posts\/3763"}],"collection":[{"href":"https:\/\/tokajiirotabor.hu\/irotabor_archiv\/wp-json\/wp\/v2\/posts"}],"about":[{"href":"https:\/\/tokajiirotabor.hu\/irotabor_archiv\/wp-json\/wp\/v2\/types\/post"}],"author":[{"embeddable":true,"href":"https:\/\/tokajiirotabor.hu\/irotabor_archiv\/wp-json\/wp\/v2\/users\/1"}],"replies":[{"embeddable":true,"href":"https:\/\/tokajiirotabor.hu\/irotabor_archiv\/wp-json\/wp\/v2\/comments?post=3763"}],"version-history":[{"count":1,"href":"https:\/\/tokajiirotabor.hu\/irotabor_archiv\/wp-json\/wp\/v2\/posts\/3763\/revisions"}],"predecessor-version":[{"id":3764,"href":"https:\/\/tokajiirotabor.hu\/irotabor_archiv\/wp-json\/wp\/v2\/posts\/3763\/revisions\/3764"}],"wp:featuredmedia":[{"embeddable":true,"href":"https:\/\/tokajiirotabor.hu\/irotabor_archiv\/wp-json\/wp\/v2\/media\/3675"}],"wp:attachment":[{"href":"https:\/\/tokajiirotabor.hu\/irotabor_archiv\/wp-json\/wp\/v2\/media?parent=3763"}],"wp:term":[{"taxonomy":"category","embeddable":true,"href":"https:\/\/tokajiirotabor.hu\/irotabor_archiv\/wp-json\/wp\/v2\/categories?post=3763"},{"taxonomy":"post_tag","embeddable":true,"href":"https:\/\/tokajiirotabor.hu\/irotabor_archiv\/wp-json\/wp\/v2\/tags?post=3763"}],"curies":[{"name":"wp","href":"https:\/\/api.w.org\/{rel}","templated":true}]}}