{"id":3716,"date":"2015-04-08T14:14:16","date_gmt":"2015-04-08T14:14:16","guid":{"rendered":"http:\/\/www.tokajiirotabor.hu\/?p=3716"},"modified":"2016-06-01T18:43:57","modified_gmt":"2016-06-01T18:43:57","slug":"antall-istvan-1953-09-18-eger-2015-04-08-budapest","status":"publish","type":"post","link":"https:\/\/tokajiirotabor.hu\/irotabor_archiv\/antall-istvan-1953-09-18-eger-2015-04-08-budapest\/","title":{"rendered":"ANTALL ISTV\u00c1N"},"content":{"rendered":"<p>(1953.09.18.EGER &#8211; 2015. 04.08. BUDAPEST)<\/p>\n<p>Tisztelt l\u00e1togat\u00f3ink! Antall Istv\u00e1n bar\u00e1tai!<\/p>\n<p>A Magyar T\u00e1virati Iroda 2015. \u00e1prilis 8-\u00e1n, szerd\u00e1n 16:29 \u00f3rakor tette k\u00f6zz\u00e9 a szomor\u00fa h\u00edrt: Antall Istv\u00e1n kultur\u00e1lis \u00fajs\u00e1g\u00edr\u00f3, szerkeszt\u0151 riporter \u2013 sokunk Antall Pist\u00e1ja \u2013 ma reggel 61 \u00e9ves kor\u00e1ban meghalt.<\/p>\n<p>&nbsp;<\/p>\n<p><a id=\"tovabb\" name=\"tovabb\"><\/a><\/p>\n<p>&nbsp;<\/p>\n<p>Tudtunk betegs\u00e9g\u00e9r\u0151l, m\u00e9gis abban b\u00edztunk, hogy er\u0151s akarat\u00e1val siker\u00fcl legy\u0151znie a veszedelmes k\u00f3rt. Erre utalt utols\u00f3 Gondolat-jel c\u00edm\u0171 m\u0171sora H\u00fasv\u00e9t vas\u00e1rnap. M\u0171sortervet k\u00fcld\u00f6tt, \u00fajra v\u00e1llalta az ad\u00e1s vezet\u00e9s\u00e9t \u00e9s az interj\u00fak nagy r\u00e9sz\u00e9t is \u0150 k\u00e9sz\u00edtette. Ez\u00e9rt volt v\u00e1ratlan a mai h\u00edr, miszerint gy\u00f3gy\u00edthatatlan betegs\u00e9gben elhunyt.<\/p>\n<p>Antall Istv\u00e1n kapcsolatrendszere r\u00e9sz\u00e9nek tekintette \u00e9s munkak\u00f6ri feladat\u00e1nak tartotta a Tokaji \u00cdr\u00f3t\u00e1bor sajt\u00f3- \u00e9s sz\u00f3viv\u0151i feladat\u00e1t. A megb\u00edz\u00e1st 1997-ben nyerte el G\u00e1l S\u00e1ndor (Kassa) kurat\u00f3riumi eln\u00f6k javaslat\u00e1ra. Ezt k\u00f6vet\u0151en tagja lett az \u00edr\u00f3t\u00e1bor vezet\u0151 test\u00fclet\u00e9nek 2014-ig. A Kossuth R\u00e1di\u00f3 hallgat\u00f3i \u00e9vente hallhatt\u00e1k a Gondolat-jel augusztusi \u00edr\u00f3t\u00e1bori k\u00fcl\u00f6nad\u00e1sait.\u00a0 Szerkeszt\u0151je volt a Tokaji H\u00edrek \u00edr\u00f3t\u00e1bori lapsz\u00e1mainak. A sorozat 17. sz\u00e1m\u00e1t m\u00e9g \u0150 szerkesztette \u00e9s \u00edrta az elm\u00falt \u00e9vben. Az \u00e1ltala alak\u00edtott, m\u0171k\u00f6dtetett Antal-Press volt az \u00e9vente ism\u00e9tl\u0151d\u0151 \u00edr\u00f3t\u00e1bori felh\u00edv\u00e1sok K\u00e1rp\u00e1t-medencei h\u00edrviv\u0151je.<\/p>\n<p>Tart a vesztes\u00e9gek sz\u00e1mbav\u00e9tele, csal\u00e1dj\u00e1nak, tisztel\u0151inek gy\u00e1sza. Ismert, kitart\u00f3 \u00e9s szorgalmas munk\u00e1j\u00e1t m\u00e1r csak egy f\u0151hajt\u00e1ssal tudjuk neki megk\u00f6sz\u00f6nni.<\/p>\n<p>Eml\u00e9kezz\u00fcnk R\u00e1!<\/p>\n<p>Isten veled kedves Pista.<\/p>\n<p>&nbsp;<\/p>\n<p>S\u00e1ray L\u00e1szl\u00f3<\/p>\n<p>&nbsp;<\/p>\n<p><img decoding=\"async\" src=\"http:\/\/www.tokajiirotabor.hu\/iroserver\/feltoltes\/teszt\/13a_16306antallpista.jpg\" alt=\"Antall Istvan\" \/><\/p>\n","protected":false},"excerpt":{"rendered":"<p>(1953.09.18.EGER &#8211; 2015. 04.08. BUDAPEST) Tisztelt l\u00e1togat\u00f3ink! Antall Istv\u00e1n bar\u00e1tai! A Magyar T\u00e1virati Iroda 2015. \u00e1prilis 8-\u00e1n, szerd\u00e1n 16:29 \u00f3rakor tette k\u00f6zz\u00e9 a szomor\u00fa h\u00edrt: Antall Istv\u00e1n kultur\u00e1lis \u00fajs\u00e1g\u00edr\u00f3, szerkeszt\u0151 riporter \u2013 sokunk Antall Pist\u00e1ja \u2013 ma reggel 61 \u00e9ves&#8230;<\/p>\n","protected":false},"author":1,"featured_media":3719,"comment_status":"closed","ping_status":"open","sticky":false,"template":"","format":"standard","meta":{"footnotes":""},"categories":[1],"tags":[],"class_list":["post-3716","post","type-post","status-publish","format-standard","has-post-thumbnail","hentry","category-hirek"],"_links":{"self":[{"href":"https:\/\/tokajiirotabor.hu\/irotabor_archiv\/wp-json\/wp\/v2\/posts\/3716"}],"collection":[{"href":"https:\/\/tokajiirotabor.hu\/irotabor_archiv\/wp-json\/wp\/v2\/posts"}],"about":[{"href":"https:\/\/tokajiirotabor.hu\/irotabor_archiv\/wp-json\/wp\/v2\/types\/post"}],"author":[{"embeddable":true,"href":"https:\/\/tokajiirotabor.hu\/irotabor_archiv\/wp-json\/wp\/v2\/users\/1"}],"replies":[{"embeddable":true,"href":"https:\/\/tokajiirotabor.hu\/irotabor_archiv\/wp-json\/wp\/v2\/comments?post=3716"}],"version-history":[{"count":2,"href":"https:\/\/tokajiirotabor.hu\/irotabor_archiv\/wp-json\/wp\/v2\/posts\/3716\/revisions"}],"predecessor-version":[{"id":3733,"href":"https:\/\/tokajiirotabor.hu\/irotabor_archiv\/wp-json\/wp\/v2\/posts\/3716\/revisions\/3733"}],"wp:featuredmedia":[{"embeddable":true,"href":"https:\/\/tokajiirotabor.hu\/irotabor_archiv\/wp-json\/wp\/v2\/media\/3719"}],"wp:attachment":[{"href":"https:\/\/tokajiirotabor.hu\/irotabor_archiv\/wp-json\/wp\/v2\/media?parent=3716"}],"wp:term":[{"taxonomy":"category","embeddable":true,"href":"https:\/\/tokajiirotabor.hu\/irotabor_archiv\/wp-json\/wp\/v2\/categories?post=3716"},{"taxonomy":"post_tag","embeddable":true,"href":"https:\/\/tokajiirotabor.hu\/irotabor_archiv\/wp-json\/wp\/v2\/tags?post=3716"}],"curies":[{"name":"wp","href":"https:\/\/api.w.org\/{rel}","templated":true}]}}