{"id":3714,"date":"2015-04-14T14:11:53","date_gmt":"2015-04-14T14:11:53","guid":{"rendered":"http:\/\/www.tokajiirotabor.hu\/?p=3714"},"modified":"2016-06-01T18:43:57","modified_gmt":"2016-06-01T18:43:57","slug":"a-tokaji-irotabor-egyesulet-kozgyulese","status":"publish","type":"post","link":"https:\/\/tokajiirotabor.hu\/irotabor_archiv\/a-tokaji-irotabor-egyesulet-kozgyulese\/","title":{"rendered":"A TOKAJI \u00cdR\u00d3T\u00c1BOR EGYES\u00dcLET K\u00d6ZGY\u0170L\u00c9SE"},"content":{"rendered":"<p><span lang=\"HU\">A Tokaji \u00cdr\u00f3t\u00e1bor Egyes\u00fclet ir\u00e1ny\u00edt\u00f3 test\u00fclet\u00e9nek (kurat\u00f3rium\u00e1nak) mand\u00e1tuma a tavalyi \u00e9v v\u00e9g\u00e9n lej\u00e1rt, m\u0171k\u00f6d\u00e9se 2014-ben befejez\u0151d\u00f6tt. Az \u00faj civil t\u00f6rv\u00e9ny \u00e9s az \u00faj polg\u00e1ri t\u00f6rv\u00e9nyk\u00f6nyv alapj\u00e1n sz\u00fcks\u00e9gess\u00e9 \u00e9s halaszthatatlann\u00e1 v\u00e1lt a szervezet \u00e1talak\u00edt\u00e1sa, alapszab\u00e1ly\u00e1nak m\u00f3dos\u00edt\u00e1sa, a tags\u00e1gi viszonyra \u00e9p\u00fcl\u0151 k\u00f6zgy\u0171l\u00e9s m\u0171k\u00f6dtet\u00e9se \u00e9s az \u00faj vezet\u0151s\u00e9g megv\u00e1laszt\u00e1sa.<\/span><\/p>\n<p>&nbsp;<\/p>\n<p><a id=\"tovabb\" name=\"tovabb\"><\/a><\/p>\n<p>&nbsp;<\/p>\n<p>Az egyes\u00fclet k\u00e9pvisel\u0151je a k\u00f6zgy\u0171l\u00e9s \u00f6sszeh\u00edv\u00e1s\u00e1t kezdem\u00e9nyezte, melynek megtart\u00e1s\u00e1ra a Magyar \u00cdr\u00f3sz\u00f6vets\u00e9g Bajza utcai sz\u00e9kh\u00e1z\u00e1ban ker\u00fcl sor 2015. \u00e1prilis 29-\u00e9n, szerd\u00e1n 15 \u00f3rakor. Azt szeretn\u00e9nk, hogy a szervezeti \u00e1talak\u00edt\u00e1s mellett az idei, a 43. Tokaji \u00cdr\u00f3t\u00e1bor is \u00e9pp oly sikeres legyen, mint el\u0151djei voltak. Ez\u00e9rt a folyamatoss\u00e1g jegy\u00e9ben sz\u00e1m\u00edtunk az egyes\u00fclet alap\u00edt\u00f3 \u00e9s \u00faj tagjaira. A k\u00f6zgy\u0171l\u00e9s feladata lesz az elm\u00falt \u00e9vr\u0151l sz\u00f3l\u00f3 besz\u00e1mol\u00f3, a 43. \u00edr\u00f3t\u00e1bori program \u00e9s a m\u00f3dos\u00edtott alapszab\u00e1ly megt\u00e1rgyal\u00e1sa, elfogad\u00e1sa, valamint az \u00faj vezet\u0151s\u00e9g (3 tag\u00fa eln\u00f6ks\u00e9g \u00e9s a titk\u00e1r) megv\u00e1laszt\u00e1sa.<\/p>\n<p>A k\u00f6zgy\u0171l\u00e9s ut\u00e1n, m\u00e1jus elej\u00e9n tervezz\u00fck az idei Felh\u00edv\u00e1s k\u00f6zz\u00e9t\u00e9tel\u00e9t \u00e9s ezzel p\u00e1rhuzamosan \u00f6r\u00f6mmel fogadjuk a magyar \u00edr\u00f3t\u00e1rsadalom tagjainak jelentkez\u00e9s\u00e9t a 2015. \u00e9vi Tokaji \u00cdr\u00f3t\u00e1borba.<\/p>\n<p>&nbsp;<\/p>\n<p>S\u00e1ray L\u00e1szl\u00f3<\/p>\n","protected":false},"excerpt":{"rendered":"<p>A Tokaji \u00cdr\u00f3t\u00e1bor Egyes\u00fclet ir\u00e1ny\u00edt\u00f3 test\u00fclet\u00e9nek (kurat\u00f3rium\u00e1nak) mand\u00e1tuma a tavalyi \u00e9v v\u00e9g\u00e9n lej\u00e1rt, m\u0171k\u00f6d\u00e9se 2014-ben befejez\u0151d\u00f6tt. Az \u00faj civil t\u00f6rv\u00e9ny \u00e9s az \u00faj polg\u00e1ri t\u00f6rv\u00e9nyk\u00f6nyv alapj\u00e1n sz\u00fcks\u00e9gess\u00e9 \u00e9s halaszthatatlann\u00e1 v\u00e1lt a szervezet \u00e1talak\u00edt\u00e1sa, alapszab\u00e1ly\u00e1nak m\u00f3dos\u00edt\u00e1sa, a tags\u00e1gi viszonyra \u00e9p\u00fcl\u0151 k\u00f6zgy\u0171l\u00e9s&#8230;<\/p>\n","protected":false},"author":1,"featured_media":3675,"comment_status":"closed","ping_status":"open","sticky":false,"template":"","format":"standard","meta":{"footnotes":""},"categories":[1],"tags":[],"class_list":["post-3714","post","type-post","status-publish","format-standard","has-post-thumbnail","hentry","category-hirek"],"_links":{"self":[{"href":"https:\/\/tokajiirotabor.hu\/irotabor_archiv\/wp-json\/wp\/v2\/posts\/3714"}],"collection":[{"href":"https:\/\/tokajiirotabor.hu\/irotabor_archiv\/wp-json\/wp\/v2\/posts"}],"about":[{"href":"https:\/\/tokajiirotabor.hu\/irotabor_archiv\/wp-json\/wp\/v2\/types\/post"}],"author":[{"embeddable":true,"href":"https:\/\/tokajiirotabor.hu\/irotabor_archiv\/wp-json\/wp\/v2\/users\/1"}],"replies":[{"embeddable":true,"href":"https:\/\/tokajiirotabor.hu\/irotabor_archiv\/wp-json\/wp\/v2\/comments?post=3714"}],"version-history":[{"count":1,"href":"https:\/\/tokajiirotabor.hu\/irotabor_archiv\/wp-json\/wp\/v2\/posts\/3714\/revisions"}],"predecessor-version":[{"id":3715,"href":"https:\/\/tokajiirotabor.hu\/irotabor_archiv\/wp-json\/wp\/v2\/posts\/3714\/revisions\/3715"}],"wp:featuredmedia":[{"embeddable":true,"href":"https:\/\/tokajiirotabor.hu\/irotabor_archiv\/wp-json\/wp\/v2\/media\/3675"}],"wp:attachment":[{"href":"https:\/\/tokajiirotabor.hu\/irotabor_archiv\/wp-json\/wp\/v2\/media?parent=3714"}],"wp:term":[{"taxonomy":"category","embeddable":true,"href":"https:\/\/tokajiirotabor.hu\/irotabor_archiv\/wp-json\/wp\/v2\/categories?post=3714"},{"taxonomy":"post_tag","embeddable":true,"href":"https:\/\/tokajiirotabor.hu\/irotabor_archiv\/wp-json\/wp\/v2\/tags?post=3714"}],"curies":[{"name":"wp","href":"https:\/\/api.w.org\/{rel}","templated":true}]}}