{"id":3711,"date":"2015-05-05T14:08:03","date_gmt":"2015-05-05T14:08:03","guid":{"rendered":"http:\/\/www.tokajiirotabor.hu\/?p=3711"},"modified":"2016-06-12T11:17:42","modified_gmt":"2016-06-12T10:17:42","slug":"felhivas-43-tokaji-irotabor-2015","status":"publish","type":"post","link":"https:\/\/tokajiirotabor.hu\/irotabor_archiv\/felhivas-43-tokaji-irotabor-2015\/","title":{"rendered":"FELH\u00cdV\u00c1S &#8211; 43. TOKAJI \u00cdR\u00d3T\u00c1BOR 2015"},"content":{"rendered":"<p align=\"center\">&#8222;NEMZETI KULT\u00daRA \u00c9S M\u00cdTOSZ<\/p>\n<p align=\"center\">A GLOB\u00c1LIS \u00c1TALAKUL\u00c1S KORSZAK\u00c1BAN&#8221;<\/p>\n<p align=\"center\">2015. augusztus 12 \u2013 14. (szerda, cs\u00fct\u00f6rt\u00f6k, p\u00e9ntek)<\/p>\n<p>A Tokaji \u00cdr\u00f3t\u00e1bor eln\u00f6ks\u00e9ge meghirdeti a soron k\u00f6vetkez\u0151, 43. \u00edr\u00f3t\u00e1bori tan\u00e1cskoz\u00e1st. Ez\u00fattal arra k\u00e9rdez\u00fcnk r\u00e1, hogy milyen hat\u00e1ssal van a glob\u00e1lis \u00e1talakul\u00e1s \u00e9s a leg\u00fajabb kori n\u00e9pv\u00e1ndorl\u00e1s p\u00e9ld\u00e1ul a magyar nemzet kultur\u00e1lis gy\u00f6kereire, \u00f6ntudat\u00e1ra, \u00f6nismeret\u00e9re? Hogyan \u0151rizhet\u0151 meg egy n\u00e9p identit\u00e1sa, nyelve \u00e9s kult\u00far\u00e1ja, hagyom\u00e1nyai \u00e9s szok\u00e1sai az elektronikus ipari forradalom \u00e9s a hat\u00e1rokat nem ismer\u0151 gazdas\u00e1gszervez\u00e9si gyakorlat korszak\u00e1ban, a glob\u00e1lis tudatipar (vagy m\u00e9diaipar) term\u00e9keinek \u00e1radat\u00e1ban?<\/p>\n<p><a id=\"tovabb\" name=\"tovabb\"><\/a><\/p>\n<p>Ezt a t\u00e9m\u00e1t az irodalom, a n\u00e9prajz, a t\u00f6rt\u00e9nettudom\u00e1ny, az antropol\u00f3gia stb. szemsz\u00f6g\u00e9b\u0151l, t\u00e1rsadalmi \u00e9s l\u00e9lektani szempontb\u00f3l vizsg\u00e1lja az idei tan\u00e1cskoz\u00e1s, a t\u00e9ma legjobb ismer\u0151inek, neves el\u0151ad\u00f3knak, tud\u00f3soknak a bevon\u00e1s\u00e1val.<\/p>\n<p>&nbsp;<\/p>\n<p>A tan\u00e1cskoz\u00e1s helysz\u00edne a Tokaji Ferenc Gimn\u00e1zium \u00e9s Koll\u00e9gium. A hagyom\u00e1nyok szerint a Tokaji Est\u00e9k sorozatban alkot\u00f3m\u0171helyek, foly\u00f3iratok bemutatkoz\u00e1sa, felolvas\u00f3 est, ki\u00e1ll\u00edt\u00e1s, hangverseny \u00e9s min\u0151s\u00e9gi tokaji borok k\u00f3stol\u00f3ja v\u00e1rja a r\u00e9sztvev\u0151ket.<\/p>\n<p>A t\u00e1borba val\u00f3 jelentkez\u00e9st postai \u00faton a 4220 Hajd\u00fab\u00f6sz\u00f6rm\u00e9ny, Mester utca 17. A\/2. vagy elektronikus \u00faton a<a href=\"mailto:tokaji.irotabor@gmail.com\">tokaji.irotabor@gmail.com<\/a>c\u00edmre v\u00e1rjuk Papp-F\u00fcr J\u00e1nos, a Tokaji \u00cdr\u00f3t\u00e1bor titk\u00e1ra nev\u00e9re. A JELENTKEZ\u00c9SI \u0170RLAP 2014. m\u00e1jus 6. \u2013 j\u00falius 22. k\u00f6z\u00f6tt a honlapunkon is el\u00e9rhet\u0151: <a href=\"http:\/\/www.tokajiirotabor.hu\/\">www.tokajiirotabor.hu<\/a>. \u00c9rdekl\u0151dni lehet a k\u00f6vetkez\u0151 telefonsz\u00e1mokon: 06-30-8143799, vagy a 06-70-3561577.<\/p>\n<p>&nbsp;<\/p>\n<p align=\"right\">a Tokaji \u00cdr\u00f3t\u00e1bor Eln\u00f6ks\u00e9ge<\/p>\n","protected":false},"excerpt":{"rendered":"<p>&#8222;NEMZETI KULT\u00daRA \u00c9S M\u00cdTOSZ A GLOB\u00c1LIS \u00c1TALAKUL\u00c1S KORSZAK\u00c1BAN&#8221; 2015. augusztus 12 \u2013 14. (szerda, cs\u00fct\u00f6rt\u00f6k, p\u00e9ntek) A Tokaji \u00cdr\u00f3t\u00e1bor eln\u00f6ks\u00e9ge meghirdeti a soron k\u00f6vetkez\u0151, 43. \u00edr\u00f3t\u00e1bori tan\u00e1cskoz\u00e1st. Ez\u00fattal arra k\u00e9rdez\u00fcnk r\u00e1, hogy milyen hat\u00e1ssal van a glob\u00e1lis \u00e1talakul\u00e1s \u00e9s a&#8230;<\/p>\n","protected":false},"author":1,"featured_media":3851,"comment_status":"closed","ping_status":"open","sticky":false,"template":"","format":"standard","meta":{"footnotes":""},"categories":[1],"tags":[97],"class_list":["post-3711","post","type-post","status-publish","format-standard","has-post-thumbnail","hentry","category-hirek","tag-irotabor-2015"],"_links":{"self":[{"href":"https:\/\/tokajiirotabor.hu\/irotabor_archiv\/wp-json\/wp\/v2\/posts\/3711"}],"collection":[{"href":"https:\/\/tokajiirotabor.hu\/irotabor_archiv\/wp-json\/wp\/v2\/posts"}],"about":[{"href":"https:\/\/tokajiirotabor.hu\/irotabor_archiv\/wp-json\/wp\/v2\/types\/post"}],"author":[{"embeddable":true,"href":"https:\/\/tokajiirotabor.hu\/irotabor_archiv\/wp-json\/wp\/v2\/users\/1"}],"replies":[{"embeddable":true,"href":"https:\/\/tokajiirotabor.hu\/irotabor_archiv\/wp-json\/wp\/v2\/comments?post=3711"}],"version-history":[{"count":2,"href":"https:\/\/tokajiirotabor.hu\/irotabor_archiv\/wp-json\/wp\/v2\/posts\/3711\/revisions"}],"predecessor-version":[{"id":3713,"href":"https:\/\/tokajiirotabor.hu\/irotabor_archiv\/wp-json\/wp\/v2\/posts\/3711\/revisions\/3713"}],"wp:featuredmedia":[{"embeddable":true,"href":"https:\/\/tokajiirotabor.hu\/irotabor_archiv\/wp-json\/wp\/v2\/media\/3851"}],"wp:attachment":[{"href":"https:\/\/tokajiirotabor.hu\/irotabor_archiv\/wp-json\/wp\/v2\/media?parent=3711"}],"wp:term":[{"taxonomy":"category","embeddable":true,"href":"https:\/\/tokajiirotabor.hu\/irotabor_archiv\/wp-json\/wp\/v2\/categories?post=3711"},{"taxonomy":"post_tag","embeddable":true,"href":"https:\/\/tokajiirotabor.hu\/irotabor_archiv\/wp-json\/wp\/v2\/tags?post=3711"}],"curies":[{"name":"wp","href":"https:\/\/api.w.org\/{rel}","templated":true}]}}