{"id":3664,"date":"2015-07-11T11:01:59","date_gmt":"2015-07-11T11:01:59","guid":{"rendered":"http:\/\/www.tokajiirotabor.hu\/?p=3664"},"modified":"2016-06-12T11:15:50","modified_gmt":"2016-06-12T10:15:50","slug":"program-tokaji-irotabor-2015","status":"publish","type":"post","link":"https:\/\/tokajiirotabor.hu\/irotabor_archiv\/program-tokaji-irotabor-2015\/","title":{"rendered":"PROGRAM &#8211; TOKAJI \u00cdR\u00d3T\u00c1BOR 2015"},"content":{"rendered":"<p align=\"center\">&#8222;NEMZETI KULT\u00daRA \u00c9S M\u00cdTOSZ<br \/>\nA GLOB\u00c1LIS \u00c1TALAKUL\u00c1S KORSZAK\u00c1BAN&#8221;<\/p>\n<p>&nbsp;<\/p>\n<p>A 2015. \u00e9vi tan\u00e1cskoz\u00e1sunk r\u00e9szletes programja itt olvashat\u00f3:<\/p>\n<p><a id=\"tovabb\" name=\"tovabb\"><\/a><\/p>\n<p><span style=\"color: #33ccff;\"><b><big>2015. augusztus 12. szerda<\/big><\/b><\/span><\/p>\n<p><span style=\"color: #33ccff;\"><b>13:00<\/b><\/span>\u00a0 <b>R\u00c1K\u00d3CZI-PINCE<\/b><\/p>\n<blockquote><p>\u00cdr\u00f3t\u00e1bor &#8211; 2015\u00a0 Megnyitja: <b>Szentm\u00e1rtoni J\u00e1nos<\/b>eln\u00f6k<br \/>\nK\u00f6sz\u00f6nt\u0151t mond: P<b>osta Gy\u00f6rgy<\/b> polg\u00e1rmester, <b>Papp-F\u00fcr J\u00e1nos<\/b> titk\u00e1r<br \/>\nK\u00f6zrem\u0171k\u00f6dik: <b>Bezer\u00e9di Zolt\u00e1n<\/b> sz\u00ednm\u0171v\u00e9sz<br \/>\nH\u00e1zigazda: <b>Kov\u00e1cs Tibor<\/b> birtokigazgat\u00f3<\/p><\/blockquote>\n<p><span style=\"color: #33ccff;\"><b>14:00<\/b><\/span> <b>TOKAJI FERENC GIMN\u00c1ZIUM &#8211; aula<\/b><\/p>\n<p>&nbsp;<\/p>\n<blockquote><p><b>20 \u00e9v Parnasszus &#8211; k\u00e9zirat-ki\u00e1ll\u00edt\u00e1s<\/b><br \/>\nA jubileumi v\u00e1ndorki\u00e1ll\u00edt\u00e1s utols\u00f3 \u00e1llom\u00e1sa<br \/>\nMegnyitja: <b>Szakolczay Lajos, Turczi Istv\u00e1n<\/b><br \/>\nK\u00f6zrem\u0171k\u00f6dik: <b>Magyar J\u00f3zsef<\/b><\/p><\/blockquote>\n<p><span style=\"color: #33ccff;\"><b>14:30<\/b><\/span> <b>TOKAJI FERENC GIMN\u00c1ZIUM &#8211; aula<\/b><\/p>\n<p>&nbsp;<\/p>\n<blockquote><p><b>Plen\u00e1ris \u00fcl\u00e9sek I.<\/b><br \/>\nEln\u00f6k\u00f6l: <b>Mezey Katalin<\/b><br \/>\nEl\u0151ad\u00f3: <b>Alexa K\u00e1roly, Hopp\u00e1l Mih\u00e1ly, J\u00f3kai Anna, Szemad\u00e1m Gy\u00f6rgy<\/b><br \/>\nHozz\u00e1sz\u00f3l\u00e1sok<\/p><\/blockquote>\n<p>&nbsp;<\/p>\n<p><b><span style=\"color: #999999;\">17:45 Vacsora<\/span><\/b><\/p>\n<p><span style=\"color: #33ccff;\"><b>19:30<\/b><\/span> <b>PAULAY EDE SZ\u00cdNH\u00c1Z<\/b><\/p>\n<p>&nbsp;<\/p>\n<blockquote><p><b>Fot\u00f3ki\u00e1ll\u00edt\u00e1s az aul\u00e1ban<\/b><br \/>\n<i>S\u00e1m\u00e1ndobok, sz\u00f3ljatok<\/i> \u2013 <b>Hopp\u00e1l Mih\u00e1ly<\/b> s\u00e1m\u00e1nfot\u00f3i<br \/>\nMegnyitja: <b>Szemad\u00e1m Gy\u00f6rgy<\/b><\/p><\/blockquote>\n<p><span style=\"color: #33ccff;\"><b>19:50<\/b><\/span> <b>PAULAY EDE SZ\u00cdNH\u00c1Z<\/b><\/p>\n<p>&nbsp;<\/p>\n<blockquote><p><b>Tokaji est\u00e9k I.<\/b><br \/>\n<b>Nagy L\u00e1szl\u00f3 sz\u00fclet\u00e9s\u00e9nek 90. \u00e9vfordul\u00f3ja tisztelet\u00e9re<\/b><br \/>\n<i>\u201eBicsk\u00e1m \u00e9s sz\u00edvem kinyitva\u201d<\/i> \u2013 verssz\u00ednh\u00e1zi m\u0171sor<b>Nagy L\u00e1szl\u00f3<\/b> \u00e9s <b>Sz\u00e9csi Margit<\/b> m\u0171veib\u0151l <b>L\u00e1z\u00e1r Bal\u00e1zs<\/b>\u00e9s <b>Talli\u00e1n Mariann<\/b> sz\u00ednm\u0171v\u00e9szek el\u0151ad\u00e1s\u00e1ban<br \/>\n<b>Koncert \u2013 Seb\u0151 egy\u00fcttes<\/b><\/p><\/blockquote>\n<p><span style=\"color: #33ccff;\"><b>21:45<\/b><\/span> <b>R\u00c1K\u00d3CZI PINCE \u00c9S UDVARH\u00c1Z<\/b><\/p>\n<p>&nbsp;<\/p>\n<blockquote><p><b>Fiatal irodalom \u2013 R25<\/b><br \/>\nA rendszerv\u00e1lt\u00e1s ut\u00e1n sz\u00fcletett gener\u00e1ci\u00f3 a magyar l\u00edr\u00e1ban<br \/>\nFelolvasnak: <b>Andr\u00e9 Ferenc, Juh\u00e1sz Tibor, Nagy Hajnal Csilla, Ol\u00e1h K. Tam\u00e1s, Pol\u00e1k P\u00e9ter<\/b><br \/>\nModer\u00e1l: <b>\u00c1fra J\u00e1nos<\/b><br \/>\nZene: <b>Kov\u00e1cs Zsolt, R\u00f3zsa S\u00e1ndor<\/b><\/p><\/blockquote>\n<p>&nbsp;<\/p>\n<p><big><span style=\"color: #33ccff;\"><b>2015. augusztus 13. cs\u00fct\u00f6rt\u00f6k<\/b><\/span><\/big><\/p>\n<p><span style=\"color: #999999;\"><b>07:00 Reggeli<\/b><\/span><\/p>\n<p><span style=\"color: #33ccff;\"><b>09:00<\/b><\/span> <b>TOKAJI FERENC GIMN\u00c1ZIUM &#8211; aula<\/b><\/p>\n<p>&nbsp;<\/p>\n<blockquote><p><b>Plen\u00e1ris \u00fcl\u00e9sek II.<\/b><br \/>\nEln\u00f6k\u00f6l: <b>Pomog\u00e1ts B\u00e9la<\/b><br \/>\nEl\u0151ad\u00f3: <b>Bal\u00e1zs G\u00e9za, Cseke P\u00e9ter, Mezei Bal\u00e1zs, R\u00e1cz Norbert, Voigt Vilmos <\/b><br \/>\nHozz\u00e1sz\u00f3l\u00e1sok<\/p><\/blockquote>\n<p><span style=\"color: #999999;\"><b>12:30 Eb\u00e9d<\/b><\/span><\/p>\n<p><span style=\"color: #33ccff;\"><b>14:00<\/b><\/span> <b>TOKAJI FERENC GIMN\u00c1ZIUM \u00c9S KOLL\u00c9GIUM<\/b><br \/>\n<b><\/b><br \/>\n<b>\u00a0\u00a0\u00a0 \u00a0\u00a0\u00a0 Munkacsoport-\u00fcl\u00e9sek<\/b><\/p>\n<p>&nbsp;<\/p>\n<blockquote><p>\u2022 Nyelv\u00e9szeti munkacsoport<br \/>\nVezeti: <b>Bal\u00e1zs G\u00e9za<\/b><br \/>\nKisel\u0151ad\u00e1sok: <b>Mezey Katalin, Parapatics Andrea, Szentgy\u00f6rgyi Rudolf <\/b><br \/>\nHozz\u00e1sz\u00f3l\u00e1sok<\/p><\/blockquote>\n<blockquote><p>\u2022 Hat\u00e1ron t\u00fali munkacsoport<br \/>\nVezeti: <b>Bertha Zolt\u00e1n<\/b><br \/>\nKisel\u0151ad\u00e1sok: <b>Fazekas M\u00e1rta, Pomog\u00e1ts B\u00e9la,<\/b><b> Tari Istv\u00e1n, V\u00e1ri F\u00e1bi\u00e1n L\u00e1szl\u00f3<\/b><br \/>\nHozz\u00e1sz\u00f3l\u00e1sok<\/p>\n<p>\u2022 Filoz\u00f3fiai munkacsoport<br \/>\nVezeti: <b>Mezei Bal\u00e1zs <\/b><br \/>\nKisel\u0151ad\u00e1sok: <b>B\u00e9res Tam\u00e1s, Feny\u0151 Imre, V\u00e9gh Attila<\/b><br \/>\nHozz\u00e1sz\u00f3l\u00e1sok<\/p><\/blockquote>\n<p>&nbsp;<\/p>\n<p><span style=\"color: #999999;\"><b>17:30<\/b><b> Aut\u00f3busz indul\u00e1sa Tiszalad\u00e1nyba<\/b><br \/>\n<\/span><br \/>\n<b><span style=\"color: #33ccff;\">18:00<\/span><\/b> <b>TISZALAD\u00c1NY &#8211; GY\u0150RI ELEK FALUH\u00c1Z<\/b><\/p>\n<p>&nbsp;<\/p>\n<blockquote><p><b>A 40 \u00e9ve elhunyt N\u00e9meth L\u00e1szl\u00f3ra eml\u00e9kez\u00fcnk<\/b><br \/>\nBesz\u00e9det mond: <b>Monostori Imre<\/b><br \/>\nK\u00f6zrem\u0171k\u00f6dik: <b>Bezer\u00e9di Zolt\u00e1n <\/b><br \/>\nH\u00e1zigazda: <b>Liszkai Ferenc<\/b> polg\u00e1rmester<br \/>\nKoszor\u00faz\u00e1s az eml\u00e9kfaln\u00e1l<\/p><\/blockquote>\n<p>&nbsp;<\/p>\n<p><span style=\"color: #999999;\"><b>19:30 Vacsora<\/b><\/span><\/p>\n<p><b><span style=\"color: #33ccff;\">20:30 <\/span><\/b><b>KOLL\u00c9GIUMI KERT<\/b><\/p>\n<p>&nbsp;<\/p>\n<blockquote><p><b>Tokaji est\u00e9k II.<\/b><br \/>\nB\u00e9csi Napl\u00f3 \u2013 <b>De\u00e1k Ern\u0151, Schmidt J\u00e1nos<\/b><br \/>\nHelikon \u2013 <b>Kar\u00e1csonyi Zsolt, Horv\u00e1th El\u0151d Benj\u00e1min, L\u00e1ng Orsolya<\/b><br \/>\nH\u00e1zigazda: <b>Sturm L\u00e1szl\u00f3<\/b><\/p><\/blockquote>\n<p><span style=\"color: #33ccff;\"><b>21:30<\/b><\/span> <b>KOLL\u00c9GIUMI KERT<\/b><\/p>\n<p>&nbsp;<\/p>\n<blockquote><p><b>Bork\u00f3stol\u00f3 \u2013 \u00c1szok Borh\u00e1z<\/b><br \/>\nBor\u00e1sz: <b>M\u00e9sz\u00e1r Tibor<\/b> birtokigazgat\u00f3<br \/>\nH\u00e1zigazda: <b>Posta Gy\u00f6rgy<\/b> polg\u00e1rmester<br \/>\nK\u00f6zrem\u0171k\u00f6dik: <b>Bezer\u00e9di Zolt\u00e1n<\/b><\/p><\/blockquote>\n<p>&nbsp;<\/p>\n<p><span style=\"color: #33ccff;\">2015. augusztus 14. p\u00e9ntek<\/span><\/p>\n<p><span style=\"color: #999999;\"><b>07:00 <\/b><b>Reggeli<\/b><\/span><\/p>\n<p><span style=\"color: #33ccff;\"><b>09:00<\/b><\/span> <b>MILLENNIUMI IRODALMI EML\u00c9KPARK<\/b><\/p>\n<p>&nbsp;<\/p>\n<blockquote><p><b>Eml\u00e9kt\u00e1bla avat\u00e1sa Nagy L\u00e1szl\u00f3 sz\u00fclet\u00e9s\u00e9nek 90. \u00e9vfordul\u00f3ja alkalm\u00e1b\u00f3l <\/b><br \/>\nLaud\u00e1l\u00f3: <b>Ol\u00e1h J\u00e1nos<\/b><br \/>\nH\u00e1zigazda: <b>Posta Gy\u00f6rgy<\/b> polg\u00e1rmester<br \/>\nK\u00f6zrem\u0171k\u00f6dik: <b>Bezer\u00e9di Zolt\u00e1n<\/b><br \/>\nAz eml\u00e9kt\u00e1bla alkot\u00f3ja: <b>Gy\u0151rfi Lajos<\/b> szobr\u00e1szm\u0171v\u00e9sz<\/p><\/blockquote>\n<p>&nbsp;<\/p>\n<p><span style=\"color: #33ccff;\"><b>09:30<\/b><\/span> <b>TOKAJI FERENC GIMN\u00c1ZIUM, aula<\/b><\/p>\n<p>&nbsp;<\/p>\n<blockquote><p><b>Plen\u00e1ris \u00fcl\u00e9sek III.<\/b><br \/>\nEln\u00f6k\u00f6l: <b>K\u00f6d\u00f6b\u00f6cz G\u00e1bor<\/b><br \/>\nEl\u0151ad\u00f3k: <b>Horkay H\u00f6rcher Ferenc, Kar\u00e1csonyi Zsolt, Ol\u00e1h J\u00e1nos<\/b><br \/>\nHozz\u00e1sz\u00f3l\u00e1sok<\/p>\n<p><b>Z\u00c1RSZ\u00d3<\/b><br \/>\nBesz\u00e9det mond:<b> Balog Zolt\u00e1n<\/b> miniszter<\/p><\/blockquote>\n<p>&nbsp;<\/p>\n<p><span style=\"color: #33ccff;\"><b>11:30<\/b><\/span> <b>II. R\u00c1K\u00d3CZI FERENC \u00c1LTAL\u00c1NOS ISKOLA, aula<\/b><\/p>\n<p>&nbsp;<\/p>\n<blockquote><p><b>FOGAD\u00c1S<\/b><br \/>\nH\u00e1zigazda: <b>Szentm\u00e1rtoni J\u00e1nos<\/b><br \/>\n<b>D\u00edjak \u00e1tad\u00e1sa<\/b><\/p><\/blockquote>\n","protected":false},"excerpt":{"rendered":"<p>&#8222;NEMZETI KULT\u00daRA \u00c9S M\u00cdTOSZ A GLOB\u00c1LIS \u00c1TALAKUL\u00c1S KORSZAK\u00c1BAN&#8221; &nbsp; A 2015. \u00e9vi tan\u00e1cskoz\u00e1sunk r\u00e9szletes programja itt olvashat\u00f3: 2015. augusztus 12. szerda 13:00\u00a0 R\u00c1K\u00d3CZI-PINCE \u00cdr\u00f3t\u00e1bor &#8211; 2015\u00a0 Megnyitja: Szentm\u00e1rtoni J\u00e1noseln\u00f6k K\u00f6sz\u00f6nt\u0151t mond: Posta Gy\u00f6rgy polg\u00e1rmester, Papp-F\u00fcr J\u00e1nos titk\u00e1r K\u00f6zrem\u0171k\u00f6dik: Bezer\u00e9di Zolt\u00e1n&#8230;<\/p>\n","protected":false},"author":1,"featured_media":3850,"comment_status":"closed","ping_status":"open","sticky":false,"template":"","format":"standard","meta":{"footnotes":""},"categories":[1],"tags":[96],"class_list":["post-3664","post","type-post","status-publish","format-standard","has-post-thumbnail","hentry","category-hirek","tag-irotabor"],"_links":{"self":[{"href":"https:\/\/tokajiirotabor.hu\/irotabor_archiv\/wp-json\/wp\/v2\/posts\/3664"}],"collection":[{"href":"https:\/\/tokajiirotabor.hu\/irotabor_archiv\/wp-json\/wp\/v2\/posts"}],"about":[{"href":"https:\/\/tokajiirotabor.hu\/irotabor_archiv\/wp-json\/wp\/v2\/types\/post"}],"author":[{"embeddable":true,"href":"https:\/\/tokajiirotabor.hu\/irotabor_archiv\/wp-json\/wp\/v2\/users\/1"}],"replies":[{"embeddable":true,"href":"https:\/\/tokajiirotabor.hu\/irotabor_archiv\/wp-json\/wp\/v2\/comments?post=3664"}],"version-history":[{"count":2,"href":"https:\/\/tokajiirotabor.hu\/irotabor_archiv\/wp-json\/wp\/v2\/posts\/3664\/revisions"}],"predecessor-version":[{"id":3666,"href":"https:\/\/tokajiirotabor.hu\/irotabor_archiv\/wp-json\/wp\/v2\/posts\/3664\/revisions\/3666"}],"wp:featuredmedia":[{"embeddable":true,"href":"https:\/\/tokajiirotabor.hu\/irotabor_archiv\/wp-json\/wp\/v2\/media\/3850"}],"wp:attachment":[{"href":"https:\/\/tokajiirotabor.hu\/irotabor_archiv\/wp-json\/wp\/v2\/media?parent=3664"}],"wp:term":[{"taxonomy":"category","embeddable":true,"href":"https:\/\/tokajiirotabor.hu\/irotabor_archiv\/wp-json\/wp\/v2\/categories?post=3664"},{"taxonomy":"post_tag","embeddable":true,"href":"https:\/\/tokajiirotabor.hu\/irotabor_archiv\/wp-json\/wp\/v2\/tags?post=3664"}],"curies":[{"name":"wp","href":"https:\/\/api.w.org\/{rel}","templated":true}]}}