{"id":3662,"date":"2016-05-09T10:59:25","date_gmt":"2016-05-09T10:59:25","guid":{"rendered":"http:\/\/www.tokajiirotabor.hu\/?p=3662"},"modified":"2016-06-25T08:14:23","modified_gmt":"2016-06-25T07:14:23","slug":"44-tokaji-irotabor-1956-a-magyar-muvesztben","status":"publish","type":"post","link":"https:\/\/tokajiirotabor.hu\/irotabor_archiv\/44-tokaji-irotabor-1956-a-magyar-muvesztben\/","title":{"rendered":"44. TOKAJI \u00cdR\u00d3T\u00c1BOR"},"content":{"rendered":"<div class=\"posztCim\"><img loading=\"lazy\" decoding=\"async\" class=\"aligncenter wp-image-3953 size-full\" src=\"http:\/\/www.tokajiirotabor.hu\/wp-content\/uploads\/2016\/06\/header.jpg\" alt=\"44. Tokaji \u00cdr\u00f3t\u00e1bor 2016\" width=\"960\" height=\"200\" srcset=\"https:\/\/tokajiirotabor.hu\/irotabor_archiv\/wp-content\/uploads\/2016\/06\/header.jpg 960w, https:\/\/tokajiirotabor.hu\/irotabor_archiv\/wp-content\/uploads\/2016\/06\/header-300x63.jpg 300w\" sizes=\"(max-width: 960px) 100vw, 960px\" \/><\/div>\n<h2 style=\"text-align: center;\"><strong>44. Tokaji \u00cdr\u00f3t\u00e1bor<\/strong><\/h2>\n<p><strong>1956 a magyar m\u0171v\u00e9szetben<\/strong><\/p>\n<p><a href=\"http:\/\/www.tokajiirotabor.hu\/wp-content\/uploads\/2014\/06\/TIE2016_felhivas.jpg\" target=\"_blank\"><img loading=\"lazy\" decoding=\"async\" class=\"alignleft wp-image-3728\" src=\"http:\/\/www.tokajiirotabor.hu\/wp-content\/uploads\/2014\/06\/TIE2016_felhivas.jpg\" alt=\"Tokaji Irotabor 2016 felhivas\" width=\"227\" height=\"321\" srcset=\"https:\/\/tokajiirotabor.hu\/irotabor_archiv\/wp-content\/uploads\/2014\/06\/TIE2016_felhivas.jpg 1416w, https:\/\/tokajiirotabor.hu\/irotabor_archiv\/wp-content\/uploads\/2014\/06\/TIE2016_felhivas-212x300.jpg 212w, https:\/\/tokajiirotabor.hu\/irotabor_archiv\/wp-content\/uploads\/2014\/06\/TIE2016_felhivas-725x1024.jpg 725w\" sizes=\"(max-width: 227px) 100vw, 227px\" \/><\/a><\/p>\n<p><strong>2016. augusztus 10 \u2013 12. (szerda, cs\u00fct\u00f6rt\u00f6k, p\u00e9ntek)<\/strong><\/p>\n<p style=\"text-align: justify;\">A Tokaji \u00cdr\u00f3t\u00e1bor eln\u00f6ks\u00e9ge meghirdeti a soron k\u00f6vetkez\u0151, 44. \u00edr\u00f3t\u00e1bori tan\u00e1cskoz\u00e1st.2016-ban \u00fcnnepelj\u00fck a forradalom 60. \u00e9vfordul\u00f3j\u00e1t. Ez\u00fattal megvizsg\u00e1ljuk, hogy 20. sz\u00e1zadi t\u00f6rt\u00e9nelm\u00fcnk egyik legmeghat\u00e1roz\u00f3bb esem\u00e9nye mennyire \u00e9s milyen form\u00e1ban \u00e9p\u00fclt bele m\u0171v\u00e9szeink alkot\u00e1saiba az irodalom, a zene, a k\u00e9pz\u0151m\u0171v\u00e9szet, a sz\u00ednh\u00e1z \u00e9s filmm\u0171v\u00e9szet, a t\u00e1nc stb. ter\u00fclet\u00e9n egyar\u00e1nt. Fontos arr\u00f3l is besz\u00e9ln\u00fcnk, hogy a k\u00f6z\u00e9pszint\u0171 irodalom- \u00e9s t\u00f6rt\u00e9nelemoktat\u00e1sban elegend\u0151 m\u00e9rt\u00e9kben van-e jelen. Vajon el\u00e9gedettek lehet\u00fcnk-e az eredm\u00e9nnyel? Be\u00e9p\u00fclt-e kell\u0151k\u00e9ppen forradalmunk a kultur\u00e1lis \u00e9s rajta kereszt\u00fcl a t\u00e1rsadalmi k\u00f6ztudatba? Konkr\u00e9t m\u0171vek, jelens\u00e9gek \u00e9s folyamatok, kezdem\u00e9nyez\u00e9sek \u00e9s eredm\u00e9nyek t\u00fckr\u00e9ben foglalkozunk a t\u00e9m\u00e1val, k\u00fcl\u00f6n vizsg\u00e1lva az 1956 \u00e9s 1989, valamint az 1989-t\u0151l napjainkig terjed\u0151 id\u0151szakot.<\/p>\n<p style=\"text-align: justify;\">A tan\u00e1cskoz\u00e1s helysz\u00edne a\u00a0<strong>Tokaji Ferenc Gimn\u00e1zium \u00e9s Koll\u00e9gium<\/strong>. A hagyom\u00e1nyok szerint a Tokaji Est\u00e9k sorozatban alkot\u00f3m\u0171helyek, foly\u00f3iratok bemutatkoz\u00e1sa, felolvas\u00f3 est, ki\u00e1ll\u00edt\u00e1s, hangverseny \u00e9s min\u0151s\u00e9gi tokaji borok k\u00f3stol\u00f3ja v\u00e1rja a r\u00e9sztvev\u0151ket.<\/p>\n<p style=\"text-align: justify;\">A t\u00e1borba val\u00f3 jelentkez\u00e9st postai \u00faton a\u00a0<strong>4220 Hajd\u00fab\u00f6sz\u00f6rm\u00e9ny, Mester utca 17. A\/2.\u00a0<\/strong>vagy elektronikus \u00faton a\u00a0<strong>tokaji.irotabor@gmail.com<\/strong>\u00a0c\u00edmre v\u00e1rjuk Papp-F\u00fcr J\u00e1nos, a Tokaji \u00cdr\u00f3t\u00e1bor titk\u00e1ra nev\u00e9re.<\/p>\n<p style=\"text-align: justify;\">A <a href=\"\/jelentkezes-a-2016-evi-tokaji-irotaborba\" target=\"_blank\">JELENTKEZ\u00c9SI \u0170RLAP<\/a>\u00a0<strong>2016. m\u00e1jus 9. \u2013 j\u00falius 22. k\u00f6z\u00f6tt<\/strong>\u00a0a honlapunkon is el\u00e9rhet\u0151.<\/p>\n<p style=\"text-align: justify;\">\u00c9rdekl\u0151dni lehet a k\u00f6vetkez\u0151 telefonsz\u00e1mon:\u00a0<strong>06-30\/814-3799.<\/strong><\/p>\n<p>&nbsp;<\/p>\n<p>&nbsp;<\/p>\n<p>A Tokaji \u00cdr\u00f3t\u00e1bor Egyes\u00fclet Eln\u00f6ks\u00e9ge<\/p>\n","protected":false},"excerpt":{"rendered":"<p>44. Tokaji \u00cdr\u00f3t\u00e1bor 1956 a magyar m\u0171v\u00e9szetben 2016. augusztus 10 \u2013 12. (szerda, cs\u00fct\u00f6rt\u00f6k, p\u00e9ntek) A Tokaji \u00cdr\u00f3t\u00e1bor eln\u00f6ks\u00e9ge meghirdeti a soron k\u00f6vetkez\u0151, 44. \u00edr\u00f3t\u00e1bori tan\u00e1cskoz\u00e1st.2016-ban \u00fcnnepelj\u00fck a forradalom 60. \u00e9vfordul\u00f3j\u00e1t. Ez\u00fattal megvizsg\u00e1ljuk, hogy 20. sz\u00e1zadi t\u00f6rt\u00e9nelm\u00fcnk egyik legmeghat\u00e1roz\u00f3bb esem\u00e9nye&#8230;<\/p>\n","protected":false},"author":1,"featured_media":3728,"comment_status":"closed","ping_status":"open","sticky":false,"template":"","format":"standard","meta":{"footnotes":""},"categories":[1],"tags":[104,96,97],"class_list":["post-3662","post","type-post","status-publish","format-standard","has-post-thumbnail","hentry","category-hirek","tag-44-tokaji-irotabor","tag-irotabor","tag-irotabor-2015"],"_links":{"self":[{"href":"https:\/\/tokajiirotabor.hu\/irotabor_archiv\/wp-json\/wp\/v2\/posts\/3662"}],"collection":[{"href":"https:\/\/tokajiirotabor.hu\/irotabor_archiv\/wp-json\/wp\/v2\/posts"}],"about":[{"href":"https:\/\/tokajiirotabor.hu\/irotabor_archiv\/wp-json\/wp\/v2\/types\/post"}],"author":[{"embeddable":true,"href":"https:\/\/tokajiirotabor.hu\/irotabor_archiv\/wp-json\/wp\/v2\/users\/1"}],"replies":[{"embeddable":true,"href":"https:\/\/tokajiirotabor.hu\/irotabor_archiv\/wp-json\/wp\/v2\/comments?post=3662"}],"version-history":[{"count":8,"href":"https:\/\/tokajiirotabor.hu\/irotabor_archiv\/wp-json\/wp\/v2\/posts\/3662\/revisions"}],"predecessor-version":[{"id":4071,"href":"https:\/\/tokajiirotabor.hu\/irotabor_archiv\/wp-json\/wp\/v2\/posts\/3662\/revisions\/4071"}],"wp:featuredmedia":[{"embeddable":true,"href":"https:\/\/tokajiirotabor.hu\/irotabor_archiv\/wp-json\/wp\/v2\/media\/3728"}],"wp:attachment":[{"href":"https:\/\/tokajiirotabor.hu\/irotabor_archiv\/wp-json\/wp\/v2\/media?parent=3662"}],"wp:term":[{"taxonomy":"category","embeddable":true,"href":"https:\/\/tokajiirotabor.hu\/irotabor_archiv\/wp-json\/wp\/v2\/categories?post=3662"},{"taxonomy":"post_tag","embeddable":true,"href":"https:\/\/tokajiirotabor.hu\/irotabor_archiv\/wp-json\/wp\/v2\/tags?post=3662"}],"curies":[{"name":"wp","href":"https:\/\/api.w.org\/{rel}","templated":true}]}}