{"id":3647,"date":"2016-04-14T06:15:01","date_gmt":"2016-04-14T06:15:01","guid":{"rendered":"http:\/\/www.tokajiirotabor.hu\/?p=3647"},"modified":"2016-06-24T23:26:53","modified_gmt":"2016-06-24T22:26:53","slug":"3647","status":"publish","type":"post","link":"https:\/\/tokajiirotabor.hu\/irotabor_archiv\/3647\/","title":{"rendered":"A MAGYAR KULT\u00daRA NAPJA TOKAJBAN"},"content":{"rendered":"<div class=\"posztCim\">2016. janu\u00e1r 22-\u00e9n imm\u00e1r tizenkettedik alkalommal \u00fcnnepelte egy\u00fctt Tokaj a V\u00e1ros- \u00e9s a Magyar Kult\u00fara Napj\u00e1t. A program a helyi Kultur\u00e1lis \u00e9s Konferencia k\u00f6zpontban ker\u00fclt megrendez\u00e9sre az int\u00e9zm\u00e9ny, az \u00f6nkorm\u00e1nyzat \u00e9s a Tokaji \u00cdr\u00f3t\u00e1bor Egyes\u00fclet k\u00f6z\u00f6s szervez\u00e9s\u00e9ben.<\/div>\n<p>&nbsp;<\/p>\n<p>&nbsp;<\/p>\n<p align=\"center\"><img loading=\"lazy\" decoding=\"async\" class=\"aligncenter wp-image-4060 size-medium\" src=\"http:\/\/www.tokajiirotabor.hu\/wp-content\/uploads\/2016\/04\/illes_peter-300x201.jpg\" alt=\"illes_peter\" width=\"300\" height=\"201\" srcset=\"https:\/\/tokajiirotabor.hu\/irotabor_archiv\/wp-content\/uploads\/2016\/04\/illes_peter-300x201.jpg 300w, https:\/\/tokajiirotabor.hu\/irotabor_archiv\/wp-content\/uploads\/2016\/04\/illes_peter.jpg 776w\" sizes=\"(max-width: 300px) 100vw, 300px\" \/><br \/>\n<em>Ill\u00e9s P\u00e9ter<\/em><\/p>\n<p>A m\u0171sor Ill\u00e9s P\u00e9ter el\u0151ad\u00e1s\u00e1val kezd\u0151d\u00f6tt, amely sor\u00e1n a Himnuszt szavalta el, majd Posta Gy\u00f6rgy polg\u00e1rmester k\u00f6sz\u00f6nt\u00f6tte a vend\u00e9geket, kit\u00e9rve a v\u00e1ros el\u00e9rt- \u00e9s megval\u00f3s\u00edtand\u00f3 c\u00e9lkit\u0171z\u00e9seire.<\/p>\n<p align=\"center\"><img loading=\"lazy\" decoding=\"async\" class=\"aligncenter wp-image-4061 size-medium\" src=\"http:\/\/www.tokajiirotabor.hu\/wp-content\/uploads\/2016\/04\/K\u00f6d\u00f6b\u00f6cz-G\u00e1bor-300x200.jpg\" alt=\"K\u00f6d\u00f6b\u00f6cz G\u00e1bor\" width=\"300\" height=\"200\" srcset=\"https:\/\/tokajiirotabor.hu\/irotabor_archiv\/wp-content\/uploads\/2016\/04\/K\u00f6d\u00f6b\u00f6cz-G\u00e1bor-300x200.jpg 300w, https:\/\/tokajiirotabor.hu\/irotabor_archiv\/wp-content\/uploads\/2016\/04\/K\u00f6d\u00f6b\u00f6cz-G\u00e1bor.jpg 775w\" sizes=\"(max-width: 300px) 100vw, 300px\" \/><br \/>\n<em>K\u00f6d\u00f6b\u00f6cz G\u00e1bor<\/em><\/p>\n<p>A Tokaji \u00cdr\u00f3t\u00e1bor Egyes\u00fclett\u0151l \u00a0K\u00f6d\u00f6b\u00f6cz G\u00e1bor, az egri Eszterh\u00e1zy K\u00e1roly F\u0151iskola docense mondott besz\u00e9det, melyben Tokaj \u00e9s az irodalom kapcsolat\u00e1t fejtette ki r\u00e9szletesen, sz\u00e1mos magyar \u00e9s k\u00fclf\u00f6ldi szerz\u0151t id\u00e9zve.<\/p>\n<p>\u2013 A tokaji bor els\u0151 vil\u00e1girodalmi eml\u00edt\u00e9se 1597-b\u0151l val\u00f3, az els\u0151 magyar k\u00f6lt\u0151i dics\u00e9ret pedig Moldovai Mih\u00e1ly 1590 k\u00f6r\u00fcl \u00edrt \u00c9nek\u00e9ben szerepel. A tokajit mint a legjobb bort irodalmunkban a 18. sz\u00e1zad elej\u00e9n kezdik gyakrabban eml\u00edteni. A s\u00e1rospataki-debreceni di\u00e1k-k\u00f6lt\u0151k el\u0151szeretettel verselt\u00e9k meg a hegyaljai bort. K\u00f6z\u00fcl\u00fck \u00c9des Gergely a m\u00e1di borra esk\u00fcd\u00f6tt, M\u00e1ty\u00e1si J\u00f3zsef pedig egyenesen azt \u00e1ll\u00edtotta, hogy az \u00c9denkert \u00e9letf\u00e1j\u00e1nak term\u00e9se, \u201eA halhatatlans\u00e1g nagyh\u00edr\u0171 itala\/ Azt tartom, csak \u00e9des tokaji bor vala\u201d \u2013 hangzott el a besz\u00e9dben, ami ut\u00e1n bejelentett\u00e9k az idei, 44. Tokaji \u00cdr\u00f3t\u00e1bor t\u00e9m\u00e1j\u00e1t, ami \u201e1956 a m\u0171v\u00e9szetekben\u201d nevet viseli. A t\u00e1bor augusztus 10-12 k\u00f6z\u00f6tt ker\u00fcl megrendez\u00e9sre.<\/p>\n<p><img loading=\"lazy\" decoding=\"async\" class=\"aligncenter size-medium wp-image-4062\" src=\"http:\/\/www.tokajiirotabor.hu\/wp-content\/uploads\/2016\/04\/Zelen\u00e1k-Istv\u00e1n-\u00e9s-Posta-Gy\u00f6rgy-300x199.jpg\" alt=\"Zelen\u00e1k Istv\u00e1n \u00e9s Posta Gy\u00f6rgy\" width=\"300\" height=\"199\" srcset=\"https:\/\/tokajiirotabor.hu\/irotabor_archiv\/wp-content\/uploads\/2016\/04\/Zelen\u00e1k-Istv\u00e1n-\u00e9s-Posta-Gy\u00f6rgy-300x199.jpg 300w, https:\/\/tokajiirotabor.hu\/irotabor_archiv\/wp-content\/uploads\/2016\/04\/Zelen\u00e1k-Istv\u00e1n-\u00e9s-Posta-Gy\u00f6rgy.jpg 694w\" sizes=\"(max-width: 300px) 100vw, 300px\" \/><\/p>\n<p style=\"text-align: center;\"><em>Zelen\u00e1k Istv\u00e1n \u00e9s Posta Gy\u00f6rgy<\/em><\/p>\n<p><img loading=\"lazy\" decoding=\"async\" class=\"aligncenter size-medium wp-image-4063\" src=\"http:\/\/www.tokajiirotabor.hu\/wp-content\/uploads\/2016\/04\/Mengyi-Roland-\u00e9s-Posta-Gy\u00f6rgy-300x200.jpg\" alt=\"Mengyi Roland \u00e9s Posta Gy\u00f6rgy\" width=\"300\" height=\"200\" srcset=\"https:\/\/tokajiirotabor.hu\/irotabor_archiv\/wp-content\/uploads\/2016\/04\/Mengyi-Roland-\u00e9s-Posta-Gy\u00f6rgy-300x200.jpg 300w, https:\/\/tokajiirotabor.hu\/irotabor_archiv\/wp-content\/uploads\/2016\/04\/Mengyi-Roland-\u00e9s-Posta-Gy\u00f6rgy.jpg 691w\" sizes=\"(max-width: 300px) 100vw, 300px\" \/><\/p>\n<p style=\"text-align: center;\"><em>Mengyi Roland \u00e9s Posta Gy\u00f6rgy<\/em><\/p>\n<p>&nbsp;<\/p>\n<p>A rendezv\u00e9nyen \u00e1tadt\u00e1k a v\u00e1rosi elismer\u00e9seket. Tokaj v\u00e1ros d\u00edszpolg\u00e1ra Zelen\u00e1k Istv\u00e1n nyugalmazott pedag\u00f3gus, helyt\u00f6rt\u00e9n\u00e9sz lett, a Pro Urbe D\u00edjat pedig Mengyi Roland, a t\u00e9rs\u00e9g orsz\u00e1ggy\u0171l\u00e9si k\u00e9pvisel\u0151je vehette \u00e1t. Ut\u00f3bbi az elismer\u00e9s \u00e1tad\u00e1sa ut\u00e1n bejelentette, a d\u00edjjal j\u00e1r\u00f3 p\u00e9nzjutalmat felaj\u00e1nlja hozz\u00e1j\u00e1rul\u00e1sk\u00e9nt a tokaji Szent Mikl\u00f3s Ortodox templom fel\u00faj\u00edt\u00e1s\u00e1nak munk\u00e1lataira. Hozz\u00e1tette: \u201eA c\u00edmr\u0151l mag\u00e1r\u00f3l soha, semmilyen k\u00f6r\u00fclm\u00e9nyek k\u00f6z\u00f6tt nem mondan\u00e9k le!\u201d<\/p>\n<p>A rendezv\u00e9nyen sz\u00e1mos m\u00e1s d\u00edjat is \u00e1tadtak, p\u00e9ld\u00e1ul a Tokaj B\u00fcszkes\u00e9ge d\u00edjat. A d\u00edj\u00e1tad\u00f3 ut\u00e1n a polg\u00e1rmester bemutatta Tokaj leg\u00fajabb elismer\u00e9s\u00e9t, a Holnap V\u00e1ros\u00e9rt D\u00edjat, melyet n\u00e9h\u00e1ny nappal ezel\u0151tt kapott meg a v\u00e1ros.<\/p>\n<p align=\"center\"><img loading=\"lazy\" decoding=\"async\" class=\"aligncenter size-medium wp-image-4064\" src=\"http:\/\/www.tokajiirotabor.hu\/wp-content\/uploads\/2016\/04\/Kiss-Imola-Vill\u0151-300x201.jpg\" alt=\"Kiss Imola Vill\u0151\" width=\"300\" height=\"201\" srcset=\"https:\/\/tokajiirotabor.hu\/irotabor_archiv\/wp-content\/uploads\/2016\/04\/Kiss-Imola-Vill\u0151-300x201.jpg 300w, https:\/\/tokajiirotabor.hu\/irotabor_archiv\/wp-content\/uploads\/2016\/04\/Kiss-Imola-Vill\u0151.jpg 774w\" sizes=\"(max-width: 300px) 100vw, 300px\" \/><br \/>\n<em>Kiss Imola Vill\u0151<\/em><\/p>\n<p style=\"text-align: center;\">\n<em><img loading=\"lazy\" decoding=\"async\" class=\"aligncenter size-medium wp-image-4065\" src=\"http:\/\/www.tokajiirotabor.hu\/wp-content\/uploads\/2016\/04\/Tokaj-V\u00e1ros-Vegyeskara-300x199.jpg\" alt=\"Tokaj V\u00e1ros Vegyeskara\" width=\"300\" height=\"199\" srcset=\"https:\/\/tokajiirotabor.hu\/irotabor_archiv\/wp-content\/uploads\/2016\/04\/Tokaj-V\u00e1ros-Vegyeskara-300x199.jpg 300w, https:\/\/tokajiirotabor.hu\/irotabor_archiv\/wp-content\/uploads\/2016\/04\/Tokaj-V\u00e1ros-Vegyeskara.jpg 679w\" sizes=\"(max-width: 300px) 100vw, 300px\" \/>\u00a0 \u00a0 \u00a0 \u00a0 \u00a0 \u00a0 \u00a0 \u00a0 \u00a0 \u00a0 \u00a0 \u00a0 \u00a0 \u00a0 \u00a0<\/em><em>Tokaj V\u00e1ros Vegyeskara<\/em><em>\u00a0 \u00a0 \u00a0 \u00a0 \u00a0 \u00a0 \u00a0 \u00a0 \u00a0 \u00a0 \u00a0 \u00a0 \u00a0 \u00a0 \u00a0 \u00a0 \u00a0 \u00a0 \u00a0 \u00a0 \u00a0 \u00a0 \u00a0 \u00a0 \u00a0 \u00a0 \u00a0 \u00a0 \u00a0 \u00a0 \u00a0<\/em><\/p>\n<p style=\"text-align: center;\"><img loading=\"lazy\" decoding=\"async\" class=\"aligncenter size-medium wp-image-4066\" src=\"http:\/\/www.tokajiirotabor.hu\/wp-content\/uploads\/2016\/04\/Bezer\u00e9di-Zolt\u00e1n-300x200.jpg\" alt=\"Bezer\u00e9di Zolt\u00e1n\" width=\"300\" height=\"200\" srcset=\"https:\/\/tokajiirotabor.hu\/irotabor_archiv\/wp-content\/uploads\/2016\/04\/Bezer\u00e9di-Zolt\u00e1n-300x200.jpg 300w, https:\/\/tokajiirotabor.hu\/irotabor_archiv\/wp-content\/uploads\/2016\/04\/Bezer\u00e9di-Zolt\u00e1n.jpg 681w\" sizes=\"(max-width: 300px) 100vw, 300px\" \/><\/p>\n<p style=\"text-align: center;\"><em>Bezer\u00e9di Zolt\u00e1n<\/em><\/p>\n<p>&nbsp;<\/p>\n<p>Az \u00fcnnepi m\u0171sort Kiss Imola Vill\u0151 nyitotta meg heged\u0171j\u00e1t\u00e9k\u00e1val, majd Bezer\u00e9di Zolt\u00e1n Kossuth -d\u00edjas sz\u00ednm\u0171v\u00e9sz, V\u00f6r\u00f6smarthy Gondolatok a k\u00f6nyvt\u00e1rb\u00f3l c\u00edm\u0171 m\u0171v\u00e9t adta el\u0151, a rendezv\u00e9ny Tokaj V\u00e1ros Vegyeskar\u00e1nak el\u0151ad\u00e1s\u00e1val z\u00e1rult.<\/p>\n<p align=\"center\"><img loading=\"lazy\" decoding=\"async\" class=\"aligncenter size-medium wp-image-4067\" src=\"http:\/\/www.tokajiirotabor.hu\/wp-content\/uploads\/2016\/04\/Rudolf-Mih\u00e1ly-t\u00e1rlata-300x201.jpg\" alt=\"Rudolf Mih\u00e1ly t\u00e1rlata\" width=\"300\" height=\"201\" srcset=\"https:\/\/tokajiirotabor.hu\/irotabor_archiv\/wp-content\/uploads\/2016\/04\/Rudolf-Mih\u00e1ly-t\u00e1rlata-300x201.jpg 300w, https:\/\/tokajiirotabor.hu\/irotabor_archiv\/wp-content\/uploads\/2016\/04\/Rudolf-Mih\u00e1ly-t\u00e1rlata.jpg 775w\" sizes=\"(max-width: 300px) 100vw, 300px\" \/><br \/>\n<em>Rudolf Mih\u00e1ly t\u00e1rlata<\/em><\/p>\n<p>Az \u00fcnneps\u00e9g ut\u00e1n a Kultur\u00e1lis \u00e9s Konferenciak\u00f6zpont tet\u0151ter\u00e9ben ny\u00edlt meg Rudolf Mih\u00e1ly, Tokaj f\u0151\u00e9p\u00edt\u00e9sz\u00e9nek bemutatkoz\u00f3 t\u00e1rlata, aki f\u0151bb munk\u00e1it maketteken \u00e9s terveken kereszt\u00fcl mutatta meg. A ki\u00e1ll\u00edt\u00e1st Viszlai J\u00f3zsef, Pro architekt\u00fara d\u00edjas \u00e9p\u00edt\u00e9sz, Miskolc kor\u00e1bbi f\u0151\u00e9p\u00edt\u00e9sze nyitotta meg.<\/p>\n","protected":false},"excerpt":{"rendered":"<p>2016. janu\u00e1r 22-\u00e9n imm\u00e1r tizenkettedik alkalommal \u00fcnnepelte egy\u00fctt Tokaj a V\u00e1ros- \u00e9s a Magyar Kult\u00fara Napj\u00e1t. A program a helyi Kultur\u00e1lis \u00e9s Konferencia k\u00f6zpontban ker\u00fclt megrendez\u00e9sre az int\u00e9zm\u00e9ny, az \u00f6nkorm\u00e1nyzat \u00e9s a Tokaji \u00cdr\u00f3t\u00e1bor Egyes\u00fclet k\u00f6z\u00f6s szervez\u00e9s\u00e9ben. &nbsp; &nbsp; Ill\u00e9s&#8230;<\/p>\n","protected":false},"author":1,"featured_media":3653,"comment_status":"closed","ping_status":"open","sticky":false,"template":"","format":"standard","meta":{"footnotes":""},"categories":[1],"tags":[],"class_list":["post-3647","post","type-post","status-publish","format-standard","has-post-thumbnail","hentry","category-hirek"],"_links":{"self":[{"href":"https:\/\/tokajiirotabor.hu\/irotabor_archiv\/wp-json\/wp\/v2\/posts\/3647"}],"collection":[{"href":"https:\/\/tokajiirotabor.hu\/irotabor_archiv\/wp-json\/wp\/v2\/posts"}],"about":[{"href":"https:\/\/tokajiirotabor.hu\/irotabor_archiv\/wp-json\/wp\/v2\/types\/post"}],"author":[{"embeddable":true,"href":"https:\/\/tokajiirotabor.hu\/irotabor_archiv\/wp-json\/wp\/v2\/users\/1"}],"replies":[{"embeddable":true,"href":"https:\/\/tokajiirotabor.hu\/irotabor_archiv\/wp-json\/wp\/v2\/comments?post=3647"}],"version-history":[{"count":8,"href":"https:\/\/tokajiirotabor.hu\/irotabor_archiv\/wp-json\/wp\/v2\/posts\/3647\/revisions"}],"predecessor-version":[{"id":4068,"href":"https:\/\/tokajiirotabor.hu\/irotabor_archiv\/wp-json\/wp\/v2\/posts\/3647\/revisions\/4068"}],"wp:featuredmedia":[{"embeddable":true,"href":"https:\/\/tokajiirotabor.hu\/irotabor_archiv\/wp-json\/wp\/v2\/media\/3653"}],"wp:attachment":[{"href":"https:\/\/tokajiirotabor.hu\/irotabor_archiv\/wp-json\/wp\/v2\/media?parent=3647"}],"wp:term":[{"taxonomy":"category","embeddable":true,"href":"https:\/\/tokajiirotabor.hu\/irotabor_archiv\/wp-json\/wp\/v2\/categories?post=3647"},{"taxonomy":"post_tag","embeddable":true,"href":"https:\/\/tokajiirotabor.hu\/irotabor_archiv\/wp-json\/wp\/v2\/tags?post=3647"}],"curies":[{"name":"wp","href":"https:\/\/api.w.org\/{rel}","templated":true}]}}